{"id":12443,"global_id":"dueceira.pt?id=12443","global_id_lineage":["dueceira.pt?id=12443"],"author":"3","status":"publish","date":"2016-06-07 14:45:33","date_utc":"2016-06-07 14:45:33","modified":"2016-06-07 16:31:36","modified_utc":"2016-06-07 16:31:36","url":"https:\/\/dueceira.pt\/?tribe_events=semana-do-empreendorismo-em-vila-nova-de-poiares","rest_url":"https:\/\/dueceira.pt\/index.php?rest_route=\/tribe\/events\/v1\/events\/12443","title":"Semana do Empreendorismo em Vila Nova de Poiares","description":"<p style=\"text-align: justify;\">Numa organiza\u00e7\u00e3o do Munic\u00edpio de Vila Nova de Poiares \/GAE- Gabinete de Apoio ao Empreendedor, decorre de 16 a 21 de Maio a Semana do Empreendedorismo de Vila Nova de Poiares.<\/p>\n<p style=\"text-align: justify;\">Neste \u00e2mbito, a Dueceira participa em diversos momentos do evento, nomeadamente:<\/p>\n<ul>\n<li style=\"text-align: justify;\">no II Desafio de Criatividade e Inova\u00e7\u00e3o \u201cNovas Ideias, Novos Neg\u00f3ciosna Silvo-Pastor\u00edcia, na qualidade de J\u00fari (17\/05);<\/li>\n<li style=\"text-align: justify;\">na Sess\u00e3o ON \u2013 Oportunidades de Neg\u00f3cio \u201cConcursos P\u00fablicos e Apoios Financeiros\u201d (18\/05);<\/li>\n<li style=\"text-align: justify;\">na Sess\u00e3o de Esclarecimento DLBC DUECEIRA2020 para apresenta\u00e7\u00e3o da EDL- Estrat\u00e9gia Local de Desenvolvimento e primeira abordagem \u00e0s Ac\u00e7\u00f5es de Apoio a Pequenos Investimentos nas Explora\u00e7\u00f5es Agr\u00edcolas e Transforma\u00e7\u00e3o e Comercializa\u00e7\u00e3o de Produtos Agr\u00edcolas (20\/05);<\/li>\n<li style=\"text-align: justify;\">e na \u201c\u00c0 Conversa com Empreendedores\u201d e Sess\u00e3o de Encerramento (21\/05)<\/li>\n<\/ul>\n<p>&nbsp;<\/p>","excerpt":"","slug":"semana-do-empreendorismo-em-vila-nova-de-poiares","image":{"url":"https:\/\/dueceira.pt\/wp-content\/uploads\/2016\/06\/13087046_1743095319261205_3171917936019777793_o.jpg","id":12444,"extension":"jpg","width":2048,"height":1447,"sizes":{"thumbnail":{"width":150,"height":150,"mime-type":"image\/jpeg","url":"https:\/\/dueceira.pt\/wp-content\/uploads\/2016\/06\/13087046_1743095319261205_3171917936019777793_o-150x150.jpg"},"medium":{"width":300,"height":212,"mime-type":"image\/jpeg","url":"https:\/\/dueceira.pt\/wp-content\/uploads\/2016\/06\/13087046_1743095319261205_3171917936019777793_o-300x212.jpg"},"medium_large":{"width":768,"height":543,"mime-type":"image\/jpeg","url":"https:\/\/dueceira.pt\/wp-content\/uploads\/2016\/06\/13087046_1743095319261205_3171917936019777793_o-768x543.jpg"},"large":{"width":1024,"height":724,"mime-type":"image\/jpeg","url":"https:\/\/dueceira.pt\/wp-content\/uploads\/2016\/06\/13087046_1743095319261205_3171917936019777793_o-1024x724.jpg"},"blog-large":{"width":669,"height":272,"mime-type":"image\/jpeg","url":"https:\/\/dueceira.pt\/wp-content\/uploads\/2016\/06\/13087046_1743095319261205_3171917936019777793_o-669x272.jpg"},"blog-medium":{"width":320,"height":202,"mime-type":"image\/jpeg","url":"https:\/\/dueceira.pt\/wp-content\/uploads\/2016\/06\/13087046_1743095319261205_3171917936019777793_o-320x202.jpg"},"tabs-img":{"width":52,"height":50,"mime-type":"image\/jpeg","url":"https:\/\/dueceira.pt\/wp-content\/uploads\/2016\/06\/13087046_1743095319261205_3171917936019777793_o-52x50.jpg"},"related-img":{"width":180,"height":138,"mime-type":"image\/jpeg","url":"https:\/\/dueceira.pt\/wp-content\/uploads\/2016\/06\/13087046_1743095319261205_3171917936019777793_o-180x138.jpg"},"portfolio-full":{"width":940,"height":400,"mime-type":"image\/jpeg","url":"https:\/\/dueceira.pt\/wp-content\/uploads\/2016\/06\/13087046_1743095319261205_3171917936019777793_o-940x400.jpg"},"portfolio-one":{"width":540,"height":272,"mime-type":"image\/jpeg","url":"https:\/\/dueceira.pt\/wp-content\/uploads\/2016\/06\/13087046_1743095319261205_3171917936019777793_o-540x272.jpg"},"portfolio-two":{"width":460,"height":295,"mime-type":"image\/jpeg","url":"https:\/\/dueceira.pt\/wp-content\/uploads\/2016\/06\/13087046_1743095319261205_3171917936019777793_o-460x295.jpg"},"portfolio-three":{"width":300,"height":214,"mime-type":"image\/jpeg","url":"https:\/\/dueceira.pt\/wp-content\/uploads\/2016\/06\/13087046_1743095319261205_3171917936019777793_o-300x214.jpg"},"portfolio-four":{"width":220,"height":161,"mime-type":"image\/jpeg","url":"https:\/\/dueceira.pt\/wp-content\/uploads\/2016\/06\/13087046_1743095319261205_3171917936019777793_o-220x161.jpg"},"portfolio-five":{"width":177,"height":142,"mime-type":"image\/jpeg","url":"https:\/\/dueceira.pt\/wp-content\/uploads\/2016\/06\/13087046_1743095319261205_3171917936019777793_o-177x142.jpg"},"portfolio-six":{"width":147,"height":118,"mime-type":"image\/jpeg","url":"https:\/\/dueceira.pt\/wp-content\/uploads\/2016\/06\/13087046_1743095319261205_3171917936019777793_o-147x118.jpg"},"recent-posts":{"width":700,"height":441,"mime-type":"image\/jpeg","url":"https:\/\/dueceira.pt\/wp-content\/uploads\/2016\/06\/13087046_1743095319261205_3171917936019777793_o-700x441.jpg"},"recent-works-thumbnail":{"width":66,"height":66,"mime-type":"image\/jpeg","url":"https:\/\/dueceira.pt\/wp-content\/uploads\/2016\/06\/13087046_1743095319261205_3171917936019777793_o-66x66.jpg"}}},"all_day":false,"start_date":"2016-05-17 08:00:00","start_date_details":{"year":"2016","month":"05","day":"17","hour":"08","minutes":"00","seconds":"00"},"end_date":"2016-05-21 17:00:00","end_date_details":{"year":"2016","month":"05","day":"21","hour":"17","minutes":"00","seconds":"00"},"utc_start_date":"2016-05-17 08:00:00","utc_start_date_details":{"year":"2016","month":"05","day":"17","hour":"08","minutes":"00","seconds":"00"},"utc_end_date":"2016-05-21 17:00:00","utc_end_date_details":{"year":"2016","month":"05","day":"21","hour":"17","minutes":"00","seconds":"00"},"timezone":"UTC+0","timezone_abbr":"","cost":"","cost_details":{"currency_symbol":"","currency_code":"","currency_position":"prefix","values":[]},"website":"","show_map":false,"show_map_link":false,"hide_from_listings":false,"sticky":false,"featured":false,"categories":[],"tags":[],"venue":{"id":12450,"author":"3","status":"publish","date":"2016-06-07 14:59:43","date_utc":"2016-06-07 14:59:43","modified":"2016-06-07 14:59:43","modified_utc":"2016-06-07 14:59:43","url":"https:\/\/dueceira.pt\/?tribe_venue=centro-cultural-de-poiares","venue":"Centro Cultural de Poiares","slug":"centro-cultural-de-poiares","city":"Vila Nova de Poiares","json_ld":{"@type":"Place","name":"Centro Cultural de Poiares","description":"","url":"","address":{"@type":"PostalAddress","addressLocality":"Vila Nova de Poiares"},"telephone":"","sameAs":""},"show_map":true,"show_map_link":true,"global_id":"dueceira.pt?id=12450","global_id_lineage":["dueceira.pt?id=12450"]},"organizer":[{"id":12449,"author":"3","status":"publish","date":"2016-06-07 14:59:43","date_utc":"2016-06-07 14:59:43","modified":"2016-06-07 14:59:43","modified_utc":"2016-06-07 14:59:43","url":"https:\/\/dueceira.pt\/?tribe_organizer=municipio-de-vila-nova-de-poiares","organizer":"Munic\u00edpio de Vila Nova de Poiares","slug":"municipio-de-vila-nova-de-poiares","json_ld":{"@type":"Person","name":"Munic\u00edpio de Vila Nova de Poiares","description":"","url":"","telephone":"","email":"","sameAs":""},"global_id":"dueceira.pt?id=12449","global_id_lineage":["dueceira.pt?id=12449"]}],"custom_fields":[],"json_ld":{"@context":"http:\/\/schema.org","@type":"Event","name":"Semana do Empreendorismo em Vila Nova de Poiares","description":"&lt;p&gt;Numa organiza\u00e7\u00e3o do Munic\u00edpio de Vila Nova de Poiares \/GAE- Gabinete de Apoio ao Empreendedor, decorre de 16 a 21 de Maio a Semana do Empreendedorismo de Vila Nova de Poiares. Neste \u00e2mbito, a Dueceira participa em diversos momentos do evento, nomeadamente: no II Desafio de Criatividade e Inova\u00e7\u00e3o \u201cNovas Ideias, Novos Neg\u00f3ciosna Silvo-Pastor\u00edcia, na  [...]&lt;\/p&gt;\\n","image":"https:\/\/dueceira.pt\/wp-content\/uploads\/2016\/06\/13087046_1743095319261205_3171917936019777793_o.jpg","url":"https:\/\/dueceira.pt\/?tribe_events=semana-do-empreendorismo-em-vila-nova-de-poiares","eventAttendanceMode":"https:\/\/schema.org\/OfflineEventAttendanceMode","eventStatus":"https:\/\/schema.org\/EventScheduled","startDate":"2016-05-17T08:00:00+00:00","endDate":"2016-05-21T17:00:00+00:00","location":{"@type":"Place","name":"Centro Cultural de Poiares","description":"","url":"","address":{"@type":"PostalAddress","addressLocality":"Vila Nova de Poiares"},"telephone":"","sameAs":""},"organizer":{"@type":"Person","name":"Munic\u00edpio de Vila Nova de Poiares","description":"","url":"","telephone":"","email":"","sameAs":""},"performer":"Organization"}}