{"id":12451,"global_id":"dueceira.pt?id=12451","global_id_lineage":["dueceira.pt?id=12451"],"author":"3","status":"publish","date":"2016-06-07 16:34:41","date_utc":"2016-06-07 16:34:41","modified":"2016-06-07 16:38:13","modified_utc":"2016-06-07 16:38:13","url":"https:\/\/dueceira.pt\/?tribe_events=1o-seminario-comunidades-locais-e-baldios","rest_url":"https:\/\/dueceira.pt\/index.php?rest_route=\/tribe\/events\/v1\/events\/12451","title":"1\u00ba. Semin\u00e1rio Comunidades Locais e BALDIOS","description":"<p>21 de Maio de 2016 Lous\u00e3<br \/>\numa organiza\u00e7\u00e3o do Conselho Directivo dos BALDIOS da extinta freguesia de Vilarinho.<\/p>\n<p>PROGRAMA<br \/>\nI Semin\u00e1rio \u00abComunidades locais e os baldios\u00bb<\/p>\n<p>09h00: ABERTURA DO SECRETARIADO<\/p>\n<p>09h45: SESS\u00c3O DE ABERTURA<br \/>\nSecret\u00e1rio de Estado das Florestas e do Desenvolvimento Rural<br \/>\nPresidente da C\u00e2mara Municipal da Lous\u00e3<br \/>\nPresidente da Junta de Freguesia Lous\u00e3 e Vilarinho<br \/>\nRepresentante do Centro de Estudos Sociais da Universidade de Coimbra<br \/>\nPresidente da Assembleia dos Baldios de Vilarinho<\/p>\n<p>10h00: A HIST\u00d3RIA DOS BALDIOS, LEGISLA\u00c7\u00c3O E POLITICAS NACIONAIS<br \/>\nE COMUNIT\u00c1RIAS<br \/>\n&#8211; Baldios, Passado&#8230; e que Futuro<br \/>\nDr.\u00aa Rita Serra, Centro de Estudos Sociais da Universidade de Coimbra<br \/>\n&#8211; Lei dos Baldios<br \/>\nDr. Jos\u00e9 Augusto Ferreira da Silva, Jurista<br \/>\n&#8211; Formas de gest\u00e3o \uf002orestal das \u00e1reas baldias<br \/>\nEng.\u00ba Jo\u00e3o Gama Amaral, BALADI &#8211; Federa\u00e7\u00e3o Nacional dos Baldios<\/p>\n<p>11h20: INTERVALO<\/p>\n<p>11h30: PROMO\u00c7\u00c3O, DEFESA E DESENVOLVIMENTO DAS \u00c1REAS BALDIAS<br \/>\n&#8211; Doen\u00e7as e pragas \uf002orestais, a realidade das nossas \uf002orestas<br \/>\nProf.\u00aa Teresa Vasconselos, Escola Superior Agr\u00e1ria de Coimbra<br \/>\n&#8211; As potencialidades dos baldios, sobretudo como motor de<br \/>\nassociativismo<br \/>\nEng.\u00aa Eug\u00e9nia Rodrigues, Baldios de Vilarinho<br \/>\n&#8211; A investiga\u00e7\u00e3o aplicada ao mundo rural. Gest\u00e3o do medronhal, um<br \/>\ncaso de sucesso<br \/>\nProf.\u00aa Filomena Gomes, Escola Superior Agr\u00e1ria de Coimbra<\/p>\n<p>13h00: ALMO\u00c7O<\/p>\n<p>14h30: OS NOVOS DESAFIOS DO MUNDO RURAL<br \/>\n&#8211; Aquisi\u00e7\u00e3o, prepara\u00e7\u00e3o e aplica\u00e7\u00e3o de produtos Fitofarmac\u00eauticos,<br \/>\nforma\u00e7\u00e3o, legisla\u00e7\u00e3o e procedimentos<br \/>\nEng.\u00aa Maria Manuela Nunes Castilho, DRAPcentro<br \/>\n&#8211; Atividades de anima\u00e7\u00e3o tur\u00edstica &#8211; legisla\u00e7\u00e3o e incentivos<br \/>\nDr. Gon\u00e7alo Gomes, Coordenador do N\u00facleo ao Investimento Tur\u00edstico<br \/>\nda Turismo do Centro de Portugal<\/p>\n<p>16h15: INTERVALO<\/p>\n<p>16h30: MESA REDONDA<br \/>\n\u00abCONSTRANGIMENTOS, DESAFIOS E POTENCIALIDADE DAS \u00c1REAS<br \/>\nCOMUNIT\u00c1RIAS\u00bb<br \/>\nSr. Armando Carvalho, BALADI &#8211; Federa\u00e7\u00e3o Nacional dos Baldios<br \/>\nDr.\u00aa Rita Serra, Centro de Estudos Sociais da Universidade de Coimbra<br \/>\nLu\u00eds Trota, Baldios de Vilarinho<br \/>\nProf. Xavier Sim\u00f3n, Universidade de Vigo<br \/>\nDr. Ant\u00f3nio Bica, Jurista<br \/>\nDr. Alberte R\u00f3m\u00e1n, Cooperativa tresp\u00e9s<br \/>\nModerador: Prof. Jo\u00e3o Arriscado Nunes, CES da Universidade de Coimbra<br \/>\n18h00: ENCERRAMENTO<br \/>\nSr. Lu\u00eds Trota; Baldios de Vilarinho<br \/>\nDr.\u00aa Rita Serra, Centro de Estudos Sociais da Universidade de Coimbra<\/p>\n<p>18h15: ENTREGA DE CERTIFICADOS<\/p>","excerpt":"","slug":"1o-seminario-comunidades-locais-e-baldios","image":{"url":"https:\/\/dueceira.pt\/wp-content\/uploads\/2016\/06\/Semin\u00e1rio-Comunidades-Locais-e-Baldios.jpg","id":12452,"extension":"jpg","width":1604,"height":2259,"sizes":{"thumbnail":{"width":150,"height":150,"mime-type":"image\/jpeg","url":"https:\/\/dueceira.pt\/wp-content\/uploads\/2016\/06\/Semin\u00e1rio-Comunidades-Locais-e-Baldios-150x150.jpg"},"medium":{"width":213,"height":300,"mime-type":"image\/jpeg","url":"https:\/\/dueceira.pt\/wp-content\/uploads\/2016\/06\/Semin\u00e1rio-Comunidades-Locais-e-Baldios-213x300.jpg"},"medium_large":{"width":768,"height":1082,"mime-type":"image\/jpeg","url":"https:\/\/dueceira.pt\/wp-content\/uploads\/2016\/06\/Semin\u00e1rio-Comunidades-Locais-e-Baldios-768x1082.jpg"},"large":{"width":727,"height":1024,"mime-type":"image\/jpeg","url":"https:\/\/dueceira.pt\/wp-content\/uploads\/2016\/06\/Semin\u00e1rio-Comunidades-Locais-e-Baldios-727x1024.jpg"},"blog-large":{"width":669,"height":272,"mime-type":"image\/jpeg","url":"https:\/\/dueceira.pt\/wp-content\/uploads\/2016\/06\/Semin\u00e1rio-Comunidades-Locais-e-Baldios-669x272.jpg"},"blog-medium":{"width":320,"height":202,"mime-type":"image\/jpeg","url":"https:\/\/dueceira.pt\/wp-content\/uploads\/2016\/06\/Semin\u00e1rio-Comunidades-Locais-e-Baldios-320x202.jpg"},"tabs-img":{"width":52,"height":50,"mime-type":"image\/jpeg","url":"https:\/\/dueceira.pt\/wp-content\/uploads\/2016\/06\/Semin\u00e1rio-Comunidades-Locais-e-Baldios-52x50.jpg"},"related-img":{"width":180,"height":138,"mime-type":"image\/jpeg","url":"https:\/\/dueceira.pt\/wp-content\/uploads\/2016\/06\/Semin\u00e1rio-Comunidades-Locais-e-Baldios-180x138.jpg"},"portfolio-full":{"width":940,"height":400,"mime-type":"image\/jpeg","url":"https:\/\/dueceira.pt\/wp-content\/uploads\/2016\/06\/Semin\u00e1rio-Comunidades-Locais-e-Baldios-940x400.jpg"},"portfolio-one":{"width":540,"height":272,"mime-type":"image\/jpeg","url":"https:\/\/dueceira.pt\/wp-content\/uploads\/2016\/06\/Semin\u00e1rio-Comunidades-Locais-e-Baldios-540x272.jpg"},"portfolio-two":{"width":460,"height":295,"mime-type":"image\/jpeg","url":"https:\/\/dueceira.pt\/wp-content\/uploads\/2016\/06\/Semin\u00e1rio-Comunidades-Locais-e-Baldios-460x295.jpg"},"portfolio-three":{"width":300,"height":214,"mime-type":"image\/jpeg","url":"https:\/\/dueceira.pt\/wp-content\/uploads\/2016\/06\/Semin\u00e1rio-Comunidades-Locais-e-Baldios-300x214.jpg"},"portfolio-four":{"width":220,"height":161,"mime-type":"image\/jpeg","url":"https:\/\/dueceira.pt\/wp-content\/uploads\/2016\/06\/Semin\u00e1rio-Comunidades-Locais-e-Baldios-220x161.jpg"},"portfolio-five":{"width":177,"height":142,"mime-type":"image\/jpeg","url":"https:\/\/dueceira.pt\/wp-content\/uploads\/2016\/06\/Semin\u00e1rio-Comunidades-Locais-e-Baldios-177x142.jpg"},"portfolio-six":{"width":147,"height":118,"mime-type":"image\/jpeg","url":"https:\/\/dueceira.pt\/wp-content\/uploads\/2016\/06\/Semin\u00e1rio-Comunidades-Locais-e-Baldios-147x118.jpg"},"recent-posts":{"width":700,"height":441,"mime-type":"image\/jpeg","url":"https:\/\/dueceira.pt\/wp-content\/uploads\/2016\/06\/Semin\u00e1rio-Comunidades-Locais-e-Baldios-700x441.jpg"},"recent-works-thumbnail":{"width":66,"height":66,"mime-type":"image\/jpeg","url":"https:\/\/dueceira.pt\/wp-content\/uploads\/2016\/06\/Semin\u00e1rio-Comunidades-Locais-e-Baldios-66x66.jpg"}}},"all_day":false,"start_date":"2016-05-21 08:00:00","start_date_details":{"year":"2016","month":"05","day":"21","hour":"08","minutes":"00","seconds":"00"},"end_date":"2016-05-21 17:00:00","end_date_details":{"year":"2016","month":"05","day":"21","hour":"17","minutes":"00","seconds":"00"},"utc_start_date":"2016-05-21 08:00:00","utc_start_date_details":{"year":"2016","month":"05","day":"21","hour":"08","minutes":"00","seconds":"00"},"utc_end_date":"2016-05-21 17:00:00","utc_end_date_details":{"year":"2016","month":"05","day":"21","hour":"17","minutes":"00","seconds":"00"},"timezone":"UTC+0","timezone_abbr":"","cost":"","cost_details":{"currency_symbol":"","currency_code":"","currency_position":"prefix","values":[]},"website":"","show_map":true,"show_map_link":true,"hide_from_listings":false,"sticky":false,"featured":false,"categories":[],"tags":[],"venue":{"id":12455,"author":"3","status":"publish","date":"2016-06-07 16:38:13","date_utc":"2016-06-07 16:38:13","modified":"2016-06-07 16:38:13","modified_utc":"2016-06-07 16:38:13","url":"https:\/\/dueceira.pt\/?tribe_venue=vilarinho","venue":"Vilarinho","slug":"vilarinho","city":"Lous\u00e3","json_ld":{"@type":"Place","name":"Vilarinho","description":"","url":"","address":{"@type":"PostalAddress","addressLocality":"Lous\u00e3"},"telephone":"","sameAs":""},"show_map":true,"show_map_link":true,"global_id":"dueceira.pt?id=12455","global_id_lineage":["dueceira.pt?id=12455"]},"organizer":[{"id":12454,"author":"3","status":"publish","date":"2016-06-07 16:38:13","date_utc":"2016-06-07 16:38:13","modified":"2016-06-07 16:38:13","modified_utc":"2016-06-07 16:38:13","url":"https:\/\/dueceira.pt\/?tribe_organizer=conselho-directivo-dos-baldios-da-extinta-freguesia-de-vilarinho","organizer":"Conselho Directivo dos Baldios da extinta freguesia de Vilarinho","slug":"conselho-directivo-dos-baldios-da-extinta-freguesia-de-vilarinho","json_ld":{"@type":"Person","name":"Conselho Directivo dos Baldios da extinta freguesia de Vilarinho","description":"","url":"","telephone":"","email":"","sameAs":""},"global_id":"dueceira.pt?id=12454","global_id_lineage":["dueceira.pt?id=12454"]}],"custom_fields":[],"json_ld":{"@context":"http:\/\/schema.org","@type":"Event","name":"1\u00ba. Semin\u00e1rio Comunidades Locais e BALDIOS","description":"&lt;p&gt;21 de Maio de 2016 Lous\u00e3 uma organiza\u00e7\u00e3o do Conselho Directivo dos BALDIOS da extinta freguesia de Vilarinho. PROGRAMA I Semin\u00e1rio \u00abComunidades locais e os baldios\u00bb 09h00: ABERTURA DO SECRETARIADO 09h45: SESS\u00c3O DE ABERTURA Secret\u00e1rio de Estado das Florestas e do Desenvolvimento Rural Presidente da C\u00e2mara Municipal da Lous\u00e3 Presidente da Junta de Freguesia Lous\u00e3  [...]&lt;\/p&gt;\\n","image":"https:\/\/dueceira.pt\/wp-content\/uploads\/2016\/06\/Semin\u00e1rio-Comunidades-Locais-e-Baldios.jpg","url":"https:\/\/dueceira.pt\/?tribe_events=1o-seminario-comunidades-locais-e-baldios","eventAttendanceMode":"https:\/\/schema.org\/OfflineEventAttendanceMode","eventStatus":"https:\/\/schema.org\/EventScheduled","startDate":"2016-05-21T08:00:00+00:00","endDate":"2016-05-21T17:00:00+00:00","location":{"@type":"Place","name":"Vilarinho","description":"","url":"","address":{"@type":"PostalAddress","addressLocality":"Lous\u00e3"},"telephone":"","sameAs":""},"organizer":{"@type":"Person","name":"Conselho Directivo dos Baldios da extinta freguesia de Vilarinho","description":"","url":"","telephone":"","email":"","sameAs":""},"performer":"Organization"}}