{"id":12467,"global_id":"dueceira.pt?id=12467","global_id_lineage":["dueceira.pt?id=12467"],"author":"3","status":"publish","date":"2016-06-09 11:00:48","date_utc":"2016-06-09 11:00:48","modified":"2017-02-08 10:55:14","modified_utc":"2017-02-08 10:55:14","url":"https:\/\/dueceira.pt\/?tribe_events=seminario-oportunidades-de-financimento-eficiencia-energetica-e-energias-renovaveis","rest_url":"https:\/\/dueceira.pt\/index.php?rest_route=\/tribe\/events\/v1\/events\/12467","title":"Semin\u00e1rio Oportunidades de Financimento &#8211; Efici\u00eancia Energ\u00e9tica e Energias Renov\u00e1veis","description":"<p>Realiza-se no pr\u00f3ximo dia 16 de Junho, a partir das 9h30 no Audit\u00f3rio da C\u00e2mara Municipal de Miranda do Corvo, o Semin\u00e1rio \u201cOportunidades de Financiamento \u2013 Efici\u00eancia Energ\u00e9tica e Energias Renov\u00e1veis\u201d, organizado pelo nosso Associado AREAC- Ag\u00eancia Regional de Energia e Ambiente do Centro o Semin\u00e1rio no qual s\u00e3o abordadas as diferentes possibilidades de apoio e interven\u00e7\u00e3o no \u00e2mbito do POSEUR para empresas, munic\u00edpios, corpora\u00e7\u00f5es de bombeiros e institui\u00e7\u00f5es de solidariedade social.<\/p>\n<p>Inscri\u00e7oes gratuitas, embora sujeitas a confirma\u00e7\u00e3o atrav\u00e9s do link:<\/p>\n<p><a href=\"https:\/\/docs.google.com\/forms\/d\/1RF35p9SDISyoNYTg2WeDvy-X2-0BtH_O8fU8j2R1Y0s\/viewform?c=0&amp;w=1\">https:\/\/docs.google.com\/forms\/d\/1RF35p9SDISyoNYTg2WeDvy-X2-0BtH_O8fU8j2R1Y0s\/viewform?c=0&amp;w=1<\/a><\/p>\n<p><a href=\"http:\/\/dueceira.pt\/wp-content\/uploads\/2016\/06\/13238944_983532838427767_7232544027552475381_n.jpg\" rel=\"attachment wp-att-12466\"><img decoding=\"async\" class=\"alignnone size-medium wp-image-12466\" src=\"http:\/\/dueceira.pt\/wp-content\/uploads\/2016\/06\/13238944_983532838427767_7232544027552475381_n-208x300.jpg\" alt=\"13238944_983532838427767_7232544027552475381_n\" width=\"208\" height=\"300\" srcset=\"https:\/\/dueceira.pt\/wp-content\/uploads\/2016\/06\/13238944_983532838427767_7232544027552475381_n-208x300.jpg 208w, https:\/\/dueceira.pt\/wp-content\/uploads\/2016\/06\/13238944_983532838427767_7232544027552475381_n.jpg 664w\" sizes=\"(max-width: 208px) 100vw, 208px\" \/><\/a><\/p>","excerpt":"","slug":"seminario-oportunidades-de-financimento-eficiencia-energetica-e-energias-renovaveis","image":false,"all_day":false,"start_date":"2016-06-16 08:00:00","start_date_details":{"year":"2016","month":"06","day":"16","hour":"08","minutes":"00","seconds":"00"},"end_date":"2016-06-16 17:00:00","end_date_details":{"year":"2016","month":"06","day":"16","hour":"17","minutes":"00","seconds":"00"},"utc_start_date":"2016-06-16 08:00:00","utc_start_date_details":{"year":"2016","month":"06","day":"16","hour":"08","minutes":"00","seconds":"00"},"utc_end_date":"2016-06-16 17:00:00","utc_end_date_details":{"year":"2016","month":"06","day":"16","hour":"17","minutes":"00","seconds":"00"},"timezone":"UTC+0","timezone_abbr":"","cost":"","cost_details":{"currency_symbol":"","currency_code":"","currency_position":"prefix","values":[]},"website":"","show_map":true,"show_map_link":true,"hide_from_listings":false,"sticky":false,"featured":false,"categories":[],"tags":[],"venue":{"id":12469,"author":"3","status":"publish","date":"2016-06-09 11:00:48","date_utc":"2016-06-09 11:00:48","modified":"2016-06-09 11:00:48","modified_utc":"2016-06-09 11:00:48","url":"https:\/\/dueceira.pt\/?tribe_venue=auditorio-do-municipio-de-miranda-do-corvo","venue":"Audit\u00f3rio do Munic\u00edpio de Miranda do Corvo","slug":"auditorio-do-municipio-de-miranda-do-corvo","address":"Largo Dr. Jos\u00e9 Falc\u00e3o","city":"Miranda do Corvo","json_ld":{"@type":"Place","name":"Audit\u00f3rio do Munic\u00edpio de Miranda do Corvo","description":"","url":"","address":{"@type":"PostalAddress","streetAddress":"Largo Dr. Jos\u00e9 Falc\u00e3o","addressLocality":"Miranda do Corvo"},"telephone":"","sameAs":""},"show_map":true,"show_map_link":true,"global_id":"dueceira.pt?id=12469","global_id_lineage":["dueceira.pt?id=12469"]},"organizer":[{"id":12468,"author":"3","status":"publish","date":"2016-06-09 11:00:48","date_utc":"2016-06-09 11:00:48","modified":"2016-06-09 11:00:48","modified_utc":"2016-06-09 11:00:48","url":"https:\/\/dueceira.pt\/?tribe_organizer=areac-agencia-regional-de-energia-e-ambiente-do-centro","organizer":"AREAC &#8211; Ag\u00eancia Regional de Energia e Ambiente do Centro","slug":"areac-agencia-regional-de-energia-e-ambiente-do-centro","website":"http:\/\/www.areac.pt\/","email":"areac@mail.telepac.pt","json_ld":{"@type":"Person","name":"AREAC &#8211; Ag\u00eancia Regional de Energia e Ambiente do Centro","description":"","url":"http:\/\/www.areac.pt\/","telephone":"","email":"a&#114;&#101;&#97;&#99;&#64;&#109;a&#105;&#108;.&#116;&#101;le&#112;&#97;c.pt","sameAs":"http:\/\/www.areac.pt\/"},"global_id":"dueceira.pt?id=12468","global_id_lineage":["dueceira.pt?id=12468"]}],"custom_fields":[],"json_ld":{"@context":"http:\/\/schema.org","@type":"Event","name":"Semin\u00e1rio Oportunidades de Financimento &#8211; Efici\u00eancia Energ\u00e9tica e Energias Renov\u00e1veis","description":"&lt;p&gt;Realiza-se no pr\u00f3ximo dia 16 de Junho, a partir das 9h30 no Audit\u00f3rio da C\u00e2mara Municipal de Miranda do Corvo, o Semin\u00e1rio \u201cOportunidades de Financiamento \u2013 Efici\u00eancia Energ\u00e9tica e Energias Renov\u00e1veis\u201d, organizado pelo nosso Associado AREAC- Ag\u00eancia Regional de Energia e Ambiente do Centro o Semin\u00e1rio no qual s\u00e3o abordadas as diferentes possibilidades de apoio  [...]&lt;\/p&gt;\\n","url":"https:\/\/dueceira.pt\/?tribe_events=seminario-oportunidades-de-financimento-eficiencia-energetica-e-energias-renovaveis","eventAttendanceMode":"https:\/\/schema.org\/OfflineEventAttendanceMode","eventStatus":"https:\/\/schema.org\/EventScheduled","startDate":"2016-06-16T08:00:00+00:00","endDate":"2016-06-16T17:00:00+00:00","location":{"@type":"Place","name":"Audit\u00f3rio do Munic\u00edpio de Miranda do Corvo","description":"","url":"","address":{"@type":"PostalAddress","streetAddress":"Largo Dr. Jos\u00e9 Falc\u00e3o","addressLocality":"Miranda do Corvo"},"telephone":"","sameAs":""},"organizer":{"@type":"Person","name":"AREAC &#8211; Ag\u00eancia Regional de Energia e Ambiente do Centro","description":"","url":"http:\/\/www.areac.pt\/","telephone":"","email":"are&#97;&#99;&#64;m&#97;&#105;l&#46;&#116;&#101;&#108;e&#112;a&#99;&#46;pt","sameAs":"http:\/\/www.areac.pt\/"},"performer":"Organization"}}