{"id":12815,"global_id":"dueceira.pt?id=12815","global_id_lineage":["dueceira.pt?id=12815"],"author":"3","status":"publish","date":"2017-02-08 11:08:34","date_utc":"2017-02-08 11:08:34","modified":"2017-02-08 11:10:57","modified_utc":"2017-02-08 11:10:57","url":"https:\/\/dueceira.pt\/?tribe_events=rede-de-castelos-e-muralhas-de-coimbra","rest_url":"https:\/\/dueceira.pt\/index.php?rest_route=\/tribe\/events\/v1\/events\/12815","title":"Rede de Castelos e Muralhas de Coimbra","description":"<p>9 Fevereiro 2017, Quinta-Feira, 14h30<br \/>\nCoimbra, Antiga Igreja do Convento de S\u00e3o Francisco<br \/>\nRede de Castelos e Muralhas de Coimbra &#8211; evolu\u00e7\u00e3o de um projecto territorial<\/p>\n<p>Inscri\u00e7\u00f5es Gratu\u00edtas mas obrigat\u00f3rias atrav\u00e9s do link<br \/>\n<a href=\"http:\/\/www.castelosemuralhasdomondego.pt\/website\/evento-rede.php\">http:\/\/www.castelosemuralhasdomondego.pt\/website\/evento-rede.php<\/a><\/p>\n<p><a href=\"http:\/\/dueceira.pt\/wp-content\/uploads\/2017\/02\/Cartaz_final.jpg\" rel=\"attachment wp-att-12816\"><img decoding=\"async\" class=\"alignnone wp-image-12816\" src=\"http:\/\/dueceira.pt\/wp-content\/uploads\/2017\/02\/Cartaz_final-725x1024.jpg\" alt=\"Cartaz_final\" width=\"280\" height=\"395\" srcset=\"https:\/\/dueceira.pt\/wp-content\/uploads\/2017\/02\/Cartaz_final-212x300.jpg 212w, https:\/\/dueceira.pt\/wp-content\/uploads\/2017\/02\/Cartaz_final-725x1024.jpg 725w, https:\/\/dueceira.pt\/wp-content\/uploads\/2017\/02\/Cartaz_final-768x1084.jpg 768w, https:\/\/dueceira.pt\/wp-content\/uploads\/2017\/02\/Cartaz_final.jpg 3524w\" sizes=\"(max-width: 280px) 100vw, 280px\" \/><\/a><\/p>\n<p><a href=\"http:\/\/dueceira.pt\/wp-content\/uploads\/2017\/02\/rede.jpg\" rel=\"attachment wp-att-12817\"><img decoding=\"async\" class=\"alignnone wp-image-12817\" src=\"http:\/\/dueceira.pt\/wp-content\/uploads\/2017\/02\/rede.jpg\" alt=\"rede\" width=\"518\" height=\"395\" srcset=\"https:\/\/dueceira.pt\/wp-content\/uploads\/2017\/02\/rede-180x138.jpg 180w, https:\/\/dueceira.pt\/wp-content\/uploads\/2017\/02\/rede-300x229.jpg 300w, https:\/\/dueceira.pt\/wp-content\/uploads\/2017\/02\/rede-768x587.jpg 768w, https:\/\/dueceira.pt\/wp-content\/uploads\/2017\/02\/rede.jpg 886w\" sizes=\"(max-width: 518px) 100vw, 518px\" \/><\/a><\/p>","excerpt":"","slug":"rede-de-castelos-e-muralhas-de-coimbra","image":false,"all_day":false,"start_date":"2017-02-08 08:00:00","start_date_details":{"year":"2017","month":"02","day":"08","hour":"08","minutes":"00","seconds":"00"},"end_date":"2017-02-08 17:00:00","end_date_details":{"year":"2017","month":"02","day":"08","hour":"17","minutes":"00","seconds":"00"},"utc_start_date":"2017-02-08 08:00:00","utc_start_date_details":{"year":"2017","month":"02","day":"08","hour":"08","minutes":"00","seconds":"00"},"utc_end_date":"2017-02-08 17:00:00","utc_end_date_details":{"year":"2017","month":"02","day":"08","hour":"17","minutes":"00","seconds":"00"},"timezone":"UTC+0","timezone_abbr":"","cost":"","cost_details":{"currency_symbol":"","currency_code":"","currency_position":"prefix","values":[]},"website":"","show_map":true,"show_map_link":true,"hide_from_listings":false,"sticky":false,"featured":false,"categories":[],"tags":[],"venue":[],"organizer":[],"custom_fields":[],"json_ld":{"@context":"http:\/\/schema.org","@type":"Event","name":"Rede de Castelos e Muralhas de Coimbra","description":"&lt;p&gt;9 Fevereiro 2017, Quinta-Feira, 14h30 Coimbra, Antiga Igreja do Convento de S\u00e3o Francisco Rede de Castelos e Muralhas de Coimbra - evolu\u00e7\u00e3o de um projecto territorial Inscri\u00e7\u00f5es Gratu\u00edtas mas obrigat\u00f3rias atrav\u00e9s do link http:\/\/www.castelosemuralhasdomondego.pt\/website\/evento-rede.php&lt;\/p&gt;\\n","url":"https:\/\/dueceira.pt\/?tribe_events=rede-de-castelos-e-muralhas-de-coimbra","eventAttendanceMode":"https:\/\/schema.org\/OfflineEventAttendanceMode","eventStatus":"https:\/\/schema.org\/EventScheduled","startDate":"2017-02-08T08:00:00+00:00","endDate":"2017-02-08T17:00:00+00:00","performer":"Organization"}}