{"id":12794,"date":"2016-12-09T18:57:54","date_gmt":"2016-12-09T18:57:54","guid":{"rendered":"http:\/\/dueceira.pt\/new\/?p=12794"},"modified":"2019-02-07T12:07:36","modified_gmt":"2019-02-07T12:07:36","slug":"boletim-informativo-5-novembro2016","status":"publish","type":"post","link":"https:\/\/dueceira.pt\/?p=12794","title":{"rendered":"Boletim Informativo 5  [Novembro\/2016]"},"content":{"rendered":"<p><a href=\"http:\/\/dueceira.pt\/wp-content\/uploads\/2016\/12\/Boletim-Informativo-N5-Novembro-2016-2.pdf\" target=\"_blank\" rel=\"attachment wp-att-12795\"><img decoding=\"async\" class=\"alignnone wp-image-12795\" src=\"http:\/\/dueceira.pt\/wp-content\/uploads\/2016\/12\/Capa-Boletim-5.jpg\" alt=\"capa-boletim-5\" width=\"519\" height=\"731\" srcset=\"https:\/\/dueceira.pt\/wp-content\/uploads\/2016\/12\/Capa-Boletim-5-213x300.jpg 213w, https:\/\/dueceira.pt\/wp-content\/uploads\/2016\/12\/Capa-Boletim-5.jpg 652w\" sizes=\"(max-width: 519px) 100vw, 519px\" \/><\/a><\/p>\n<h4>No \u00e2mbito do seu Plano de Imagem e Comunica\u00e7\u00e3o, a Dueceira d\u00e1 continuidade\u00a0a um novo ciclo de Boletins Informativos que objectivam dar a conhecer as diversas din\u00e2micas associadas \u00e0 sua actividade e apresentar-se como mais um instrumento de divulga\u00e7\u00e3o, liga\u00e7\u00e3o e interliga\u00e7\u00e3o com os seus Associados, Parceiros, Promotores, Benefici\u00e1rios e Popula\u00e7\u00e3o em geral.<\/h4>\n<p>&gt; Qualquer interessado pode subscrever a lista para recep\u00e7\u00e3o peri\u00f3dica do Boletim, utilizando o formul\u00e1rio existente no rodap\u00e9 desta p\u00e1gina.<\/p>\n<div class=\"post-content\"><\/div>\n","protected":false},"excerpt":{"rendered":"<p>No \u00e2mbito do seu Plano de Imagem e Comunica\u00e7\u00e3o, a Dueceira d\u00e1 continuidade\u00a0a um novo ciclo de Boletins Informativos que objectivam dar a conhecer as diversas din\u00e2micas associadas \u00e0 sua actividade e apresentar-se como mais um instrumento de divulga\u00e7\u00e3o, liga\u00e7\u00e3o e interliga\u00e7\u00e3o com os seus Associados, Parceiros, Promotores, Benefici\u00e1rios e Popula\u00e7\u00e3o em geral. &gt; Qualquer  [&#8230;]<\/p>\n","protected":false},"author":3,"featured_media":0,"comment_status":"open","ping_status":"open","sticky":false,"template":"","format":"standard","meta":{"_jetpack_memberships_contains_paid_content":false,"footnotes":""},"categories":[38],"tags":[],"class_list":["post-12794","post","type-post","status-publish","format-standard","hentry","category-noticias"],"jetpack_featured_media_url":"","jetpack_sharing_enabled":true,"_links":{"self":[{"href":"https:\/\/dueceira.pt\/index.php?rest_route=\/wp\/v2\/posts\/12794","targetHints":{"allow":["GET"]}}],"collection":[{"href":"https:\/\/dueceira.pt\/index.php?rest_route=\/wp\/v2\/posts"}],"about":[{"href":"https:\/\/dueceira.pt\/index.php?rest_route=\/wp\/v2\/types\/post"}],"author":[{"embeddable":true,"href":"https:\/\/dueceira.pt\/index.php?rest_route=\/wp\/v2\/users\/3"}],"replies":[{"embeddable":true,"href":"https:\/\/dueceira.pt\/index.php?rest_route=%2Fwp%2Fv2%2Fcomments&post=12794"}],"version-history":[{"count":9,"href":"https:\/\/dueceira.pt\/index.php?rest_route=\/wp\/v2\/posts\/12794\/revisions"}],"predecessor-version":[{"id":12808,"href":"https:\/\/dueceira.pt\/index.php?rest_route=\/wp\/v2\/posts\/12794\/revisions\/12808"}],"wp:attachment":[{"href":"https:\/\/dueceira.pt\/index.php?rest_route=%2Fwp%2Fv2%2Fmedia&parent=12794"}],"wp:term":[{"taxonomy":"category","embeddable":true,"href":"https:\/\/dueceira.pt\/index.php?rest_route=%2Fwp%2Fv2%2Fcategories&post=12794"},{"taxonomy":"post_tag","embeddable":true,"href":"https:\/\/dueceira.pt\/index.php?rest_route=%2Fwp%2Fv2%2Ftags&post=12794"}],"curies":[{"name":"wp","href":"https:\/\/api.w.org\/{rel}","templated":true}]}}