{"id":12825,"date":"2017-02-08T11:31:53","date_gmt":"2017-02-08T11:31:53","guid":{"rendered":"http:\/\/dueceira.pt\/new\/?p=12825"},"modified":"2019-02-07T12:07:36","modified_gmt":"2019-02-07T12:07:36","slug":"declaracao-de-cork-2016-uma-vida-melhor-nas-zonas-rurais","status":"publish","type":"post","link":"https:\/\/dueceira.pt\/?p=12825","title":{"rendered":"Declara\u00e7\u00e3o de Cork 2016: Uma vida melhor nas zonas rurais"},"content":{"rendered":"<h4><a href=\"http:\/\/dueceira.pt\/wp-content\/uploads\/2017\/02\/cork.jpg\" rel=\"attachment wp-att-12826\"><img decoding=\"async\" class=\"alignnone wp-image-12826\" src=\"http:\/\/dueceira.pt\/wp-content\/uploads\/2017\/02\/cork.jpg\" alt=\"cork\" width=\"218\" height=\"233\" srcset=\"https:\/\/dueceira.pt\/wp-content\/uploads\/2017\/02\/cork-281x300.jpg 281w, https:\/\/dueceira.pt\/wp-content\/uploads\/2017\/02\/cork.jpg 638w\" sizes=\"(max-width: 218px) 100vw, 218px\" \/><\/a><\/h4>\n<h4>A Confer\u00eancia Europeia sobre Desenvolvimento Rural de Cork, que decorreu de 5 a 6 de Setembro de 2016, em Cork, na Irlanda, teve como principal objetivo e principal resultado a <strong>&#8220;Declara\u00e7\u00e3o de Cork 2.0 2016: Uma Vida Melhor nas Zonas Rurais&#8221;<\/strong>. Esta nova declara\u00e7\u00e3o constitui um quadro para o futuro da pol\u00edtica e a\u00e7\u00e3o de desenvolvimento rural na Europa.<\/h4>\n<p>Para consulta a\u00a0tradu\u00e7\u00e3o em portugu\u00eas de <span style=\"color: #0000ff;\"><strong>\u201c<a style=\"color: #0000ff;\" href=\"http:\/\/dueceira.pt\/wp-content\/uploads\/2017\/02\/cork-declaration_pt.pdf\" target=\"_blank\">Cork 2.0 Declara\u00e7\u00e3o 2016: Uma vida melhor nas zonas rurais\u201d<\/a><\/strong><\/span> disponibilizada pela Rede Europeia de Desenvolvimento Rural (European Network for Rural Development)<\/p>\n<p>&nbsp;<\/p>\n","protected":false},"excerpt":{"rendered":"<p>A Confer\u00eancia Europeia sobre Desenvolvimento Rural de Cork, que decorreu de 5 a 6 de Setembro de 2016, em Cork, na Irlanda, teve como principal objetivo e principal resultado a &#8220;Declara\u00e7\u00e3o de Cork 2.0 2016: Uma Vida Melhor nas Zonas Rurais&#8221;. Esta nova declara\u00e7\u00e3o constitui um quadro para o futuro da pol\u00edtica e a\u00e7\u00e3o de  [&#8230;]<\/p>\n","protected":false},"author":3,"featured_media":0,"comment_status":"open","ping_status":"open","sticky":false,"template":"","format":"standard","meta":{"_jetpack_memberships_contains_paid_content":false,"footnotes":""},"categories":[1,38],"tags":[],"class_list":["post-12825","post","type-post","status-publish","format-standard","hentry","category-dueceira","category-noticias"],"jetpack_featured_media_url":"","jetpack_sharing_enabled":true,"_links":{"self":[{"href":"https:\/\/dueceira.pt\/index.php?rest_route=\/wp\/v2\/posts\/12825","targetHints":{"allow":["GET"]}}],"collection":[{"href":"https:\/\/dueceira.pt\/index.php?rest_route=\/wp\/v2\/posts"}],"about":[{"href":"https:\/\/dueceira.pt\/index.php?rest_route=\/wp\/v2\/types\/post"}],"author":[{"embeddable":true,"href":"https:\/\/dueceira.pt\/index.php?rest_route=\/wp\/v2\/users\/3"}],"replies":[{"embeddable":true,"href":"https:\/\/dueceira.pt\/index.php?rest_route=%2Fwp%2Fv2%2Fcomments&post=12825"}],"version-history":[{"count":8,"href":"https:\/\/dueceira.pt\/index.php?rest_route=\/wp\/v2\/posts\/12825\/revisions"}],"predecessor-version":[{"id":12837,"href":"https:\/\/dueceira.pt\/index.php?rest_route=\/wp\/v2\/posts\/12825\/revisions\/12837"}],"wp:attachment":[{"href":"https:\/\/dueceira.pt\/index.php?rest_route=%2Fwp%2Fv2%2Fmedia&parent=12825"}],"wp:term":[{"taxonomy":"category","embeddable":true,"href":"https:\/\/dueceira.pt\/index.php?rest_route=%2Fwp%2Fv2%2Fcategories&post=12825"},{"taxonomy":"post_tag","embeddable":true,"href":"https:\/\/dueceira.pt\/index.php?rest_route=%2Fwp%2Fv2%2Ftags&post=12825"}],"curies":[{"name":"wp","href":"https:\/\/api.w.org\/{rel}","templated":true}]}}