{"id":12971,"date":"2017-05-04T17:08:32","date_gmt":"2017-05-04T17:08:32","guid":{"rendered":"http:\/\/dueceira.pt\/new\/?p=12971"},"modified":"2019-02-07T12:07:36","modified_gmt":"2019-02-07T12:07:36","slug":"si2e-sessao-de-lancamento","status":"publish","type":"post","link":"https:\/\/dueceira.pt\/?p=12971","title":{"rendered":"SI2E Sess\u00e3o de Lan\u00e7amento"},"content":{"rendered":"<div class=\"fusion-fullwidth fullwidth-box fusion-builder-row-1 hundred-percent-fullwidth non-hundred-percent-height-scrolling\" style=\"--awb-border-radius-top-left:0px;--awb-border-radius-top-right:0px;--awb-border-radius-bottom-right:0px;--awb-border-radius-bottom-left:0px;--awb-overflow:visible;--awb-flex-wrap:wrap;\" ><div class=\"fusion-builder-row fusion-row\"><div class=\"fusion-layout-column fusion_builder_column fusion-builder-column-0 fusion_builder_column_3_4 3_4 fusion-three-fourth fusion-column-first\" style=\"--awb-bg-size:cover;width:74%; margin-right: 4%;\"><div class=\"fusion-column-wrapper fusion-flex-column-wrapper-legacy\"><div class=\"fusion-text fusion-text-1\"><h4 style=\"text-align: justify;\">Numa apresenta\u00e7\u00e3o conjunta entre a CIM RC- Comunidade Inter Municipal da Regi\u00e3o de Coimbra e os 8 GAL \u2013Grupos de Ac\u00e7\u00e3o Local\/Associa\u00e7\u00f5es de Desenvolvimento Local que a integram e, para al\u00e9m da DUECEIRA, a ADIBER, a AD ELO (Rural e Costeiro), a ADICES, \u00a0a COIMBRA MAIS FUTURO, a PINHAIS DO Z\u00caZERE e a TERRAS de SIC\u00d3 decorreu a 2 de Maio, a apresenta\u00e7\u00e3o formal do SI2E &#8211; Sistema de Incentivos para o Empreendedorismo e Emprego nas instala\u00e7\u00f5es do IEFP &#8211; Servi\u00e7o de Forma\u00e7\u00e3o Profissional em Coimbra.<\/h4>\n<h4 style=\"text-align: justify;\">Estes Apoios surgem -no caso dos GAL- enquanto componente de apoio no \u00e2mbito das respectivas Estrat\u00e9gias do seus <strong>DLBC- Desenvolvimento Local de Base Comunit\u00e1ria &#8211; Abordagem LEADER.<\/strong><\/h4>\n<h4 style=\"text-align: justify;\">Nesta sess\u00e3o, foi apresentado genericamente este instrumento financeiro que agora \u00e9 colocado \u00e0 disposi\u00e7\u00e3o das micro e pequenas empresas da regi\u00e3o, sendo que previstas por toda a regi\u00e3o a realiza\u00e7\u00e3o de sess\u00f5es de esclarecimento adequadas \u00e0 realidade de cada territ\u00f3rio.<\/h4>\n<h4 style=\"text-align: justify;\">Na mesa, os representantes da Autoridade de Gest\u00e3o do Centro 2020, da CIM RC, do IEFP e dos GAL.<\/h4>\n<h4 style=\"text-align: justify;\">Na assist\u00eancia, autarcas, directores, coordenadores e t\u00e9cnicos das entidades e ainda os \u00f3rg\u00e3os de comunica\u00e7\u00e3o social regional e local.<\/h4>\n<h4 style=\"text-align: justify;\">Seguiu-se uma prova de sabores regionais, representativos dos territ\u00f3rios das Associa\u00e7\u00f5es de Desenvolvimento Local.<\/h4>\n<h4 style=\"text-align: justify;\">A DUECEIRA esteve representada no evento por elementos da sua Direc\u00e7\u00e3o, do \u00d3rg\u00e3o de Gest\u00e3o e da ETL- Estrutura T\u00e9cnica Local,<\/h4>\n<h4 style=\"text-align: justify;\">&gt;&gt;&gt;\u00a0<a href=\"https:\/\/www.facebook.com\/media\/set\/?set=a.1911932445710824.1073741865.1542429179327821&amp;type=1&amp;l=381a723bbd\" target=\"_blank\">Fotos do Evento: Dueceira<\/a><\/h4>\n<h4>&gt;&gt;&gt; <a href=\"https:\/\/www.facebook.com\/pg\/noticiasdecoimbra\/photos\/?tab=album&amp;album_id=701851523349920\" target=\"_blank\">Fotos do Evento: Not\u00edcias de Coimbra<\/a><\/h4>\n<\/div><div class=\"fusion-clearfix\"><\/div><\/div><\/div><\/div><\/div>\n","protected":false},"excerpt":{"rendered":"","protected":false},"author":3,"featured_media":12977,"comment_status":"open","ping_status":"open","sticky":false,"template":"","format":"standard","meta":{"_jetpack_memberships_contains_paid_content":false,"footnotes":""},"categories":[38],"tags":[],"class_list":["post-12971","post","type-post","status-publish","format-standard","has-post-thumbnail","hentry","category-noticias"],"jetpack_featured_media_url":"https:\/\/dueceira.pt\/wp-content\/uploads\/2017\/05\/IMG_1601.jpg","jetpack_sharing_enabled":true,"_links":{"self":[{"href":"https:\/\/dueceira.pt\/index.php?rest_route=\/wp\/v2\/posts\/12971","targetHints":{"allow":["GET"]}}],"collection":[{"href":"https:\/\/dueceira.pt\/index.php?rest_route=\/wp\/v2\/posts"}],"about":[{"href":"https:\/\/dueceira.pt\/index.php?rest_route=\/wp\/v2\/types\/post"}],"author":[{"embeddable":true,"href":"https:\/\/dueceira.pt\/index.php?rest_route=\/wp\/v2\/users\/3"}],"replies":[{"embeddable":true,"href":"https:\/\/dueceira.pt\/index.php?rest_route=%2Fwp%2Fv2%2Fcomments&post=12971"}],"version-history":[{"count":10,"href":"https:\/\/dueceira.pt\/index.php?rest_route=\/wp\/v2\/posts\/12971\/revisions"}],"predecessor-version":[{"id":13233,"href":"https:\/\/dueceira.pt\/index.php?rest_route=\/wp\/v2\/posts\/12971\/revisions\/13233"}],"wp:featuredmedia":[{"embeddable":true,"href":"https:\/\/dueceira.pt\/index.php?rest_route=\/wp\/v2\/media\/12977"}],"wp:attachment":[{"href":"https:\/\/dueceira.pt\/index.php?rest_route=%2Fwp%2Fv2%2Fmedia&parent=12971"}],"wp:term":[{"taxonomy":"category","embeddable":true,"href":"https:\/\/dueceira.pt\/index.php?rest_route=%2Fwp%2Fv2%2Fcategories&post=12971"},{"taxonomy":"post_tag","embeddable":true,"href":"https:\/\/dueceira.pt\/index.php?rest_route=%2Fwp%2Fv2%2Ftags&post=12971"}],"curies":[{"name":"wp","href":"https:\/\/api.w.org\/{rel}","templated":true}]}}