{"id":12985,"date":"2017-05-05T10:38:05","date_gmt":"2017-05-05T10:38:05","guid":{"rendered":"http:\/\/dueceira.pt\/new\/?p=12985"},"modified":"2019-02-07T12:07:35","modified_gmt":"2019-02-07T12:07:35","slug":"sessoes-de-divulgacao-2","status":"publish","type":"post","link":"https:\/\/dueceira.pt\/?p=12985","title":{"rendered":"Sess\u00f5es de Divulga\u00e7\u00e3o"},"content":{"rendered":"<div class=\"fusion-fullwidth fullwidth-box fusion-builder-row-1 hundred-percent-fullwidth non-hundred-percent-height-scrolling\" style=\"--awb-border-radius-top-left:0px;--awb-border-radius-top-right:0px;--awb-border-radius-bottom-right:0px;--awb-border-radius-bottom-left:0px;--awb-overflow:visible;--awb-flex-wrap:wrap;\" ><div class=\"fusion-builder-row fusion-row\"><div class=\"fusion-layout-column fusion_builder_column fusion-builder-column-0 fusion_builder_column_3_4 3_4 fusion-three-fourth fusion-column-first\" style=\"--awb-bg-size:cover;width:74%; margin-right: 4%;\"><div class=\"fusion-column-wrapper fusion-flex-column-wrapper-legacy\"><div class=\"fusion-text fusion-text-1\"><h4 style=\"text-align: justify;\">O GAL\u00a0DUECEIRA,\u00a0em parceria com a CIM RC &#8211; Comunidade Inter Municipal da Regi\u00e3o de Coimbra, os Munic\u00edpios e as Associa\u00e7\u00f5es Empresariais do seu territ\u00f3rio de interven\u00e7\u00e3o vai realizar um conjunto de Sess\u00f5es de Divulga\u00e7\u00e3o, objectivando dar conhecer -de forma pr\u00e1tica- os apoios dispon\u00edveis no \u00e2mbito do Portugal 2020 [PDR2020 e CENTRO2020] integrados nas Abordagens Territoriais Integradas:<\/h4>\n<ul style=\"text-align: justify;\">\n<li>\n<h4>DLBC- Desenvolvimento Local de Base Comunit\u00e1ria, dinamizado localmente no \u00e2mbito do DLBC Rural DUECEIRA2020 &#8211; Abordagem LEADER;<\/h4>\n<\/li>\n<li>\n<h4>Pacto para o Desenvolvimento e Coes\u00e3o Territorial\u00a0dinamizado pela Comunidade Intermunicipal &#8211; CIM Regi\u00e3o de Coimbra.<\/h4>\n<\/li>\n<\/ul>\n<h4 style=\"text-align: justify;\">As Sess\u00f5es de Divulga\u00e7\u00e3o t\u00eam a seguinte <span style=\"text-decoration: underline;\">calendariza\u00e7\u00e3o<\/span>:<\/h4>\n<ul>\n<li style=\"text-align: justify;\">\n<h4><strong>Lous\u00e3<\/strong>, <span style=\"color: #000080;\">15 de Maio<\/span>, Segunda-Feira, 18h30, Audit\u00f3rio da Biblioteca Municipal Comendador Montenegro \u00a0<span style=\"color: #008000;\">&gt;&gt;<a style=\"color: #008000;\" href=\"http:\/\/dueceira.pt\/wp-content\/uploads\/2017\/05\/Lous\u00e3.pdf\" target=\"_blank\">Cartaz<\/a><\/span><\/h4>\n<\/li>\n<li style=\"text-align: justify;\">\n<h4><strong>Miranda do Corvo<\/strong>, <span style=\"color: #000080;\">17 de Maio<\/span>, Quarta-Feira, 18h30, Audit\u00f3rio da C\u00e2mara Municipal <span style=\"color: #008000;\">&gt;&gt;<a style=\"color: #008000;\" href=\"http:\/\/dueceira.pt\/wp-content\/uploads\/2017\/05\/Miranda-do-Corvo.pdf\" target=\"_blank\">Cartaz<\/a><\/span><\/h4>\n<\/li>\n<li>\n<h4 style=\"text-align: justify;\"><strong>Vila Nova de Poiares<\/strong>, <span style=\"color: #000080;\">18 de Maio<\/span>, Quinta-Feira, 18h30, CCP- Centro Cultural de Poiares <span style=\"color: #008000;\">&gt;&gt;<a style=\"color: #008000;\" href=\"http:\/\/dueceira.pt\/wp-content\/uploads\/2017\/05\/Vila-Nova-de-Poiares.pdf\" target=\"_blank\">Cartaz<\/a><\/span><\/h4>\n<\/li>\n<\/ul>\n<h4 style=\"text-align: justify;\">Nestas sess\u00f5es de divulga\u00e7\u00e3o ser\u00e1 dada especial relev\u00e2ncia \u00e0 abertura de candidaturas ao \u00a0SI2E &#8211; Sistema de Incentivos ao Empreendedorismo e ao Emprego, o qual apoia iniciativas empresariais nas componentes de\u00a0investimento e\/ou cria\u00e7\u00e3o de emprego.<\/h4>\n<\/div><div class=\"fusion-clearfix\"><\/div><\/div><\/div><\/div><\/div>\n","protected":false},"excerpt":{"rendered":"","protected":false},"author":3,"featured_media":12992,"comment_status":"open","ping_status":"open","sticky":false,"template":"","format":"standard","meta":{"_jetpack_memberships_contains_paid_content":false,"footnotes":""},"categories":[38],"tags":[],"class_list":["post-12985","post","type-post","status-publish","format-standard","has-post-thumbnail","hentry","category-noticias"],"jetpack_featured_media_url":"https:\/\/dueceira.pt\/wp-content\/uploads\/2017\/05\/Geral.jpg","jetpack_sharing_enabled":true,"_links":{"self":[{"href":"https:\/\/dueceira.pt\/index.php?rest_route=\/wp\/v2\/posts\/12985","targetHints":{"allow":["GET"]}}],"collection":[{"href":"https:\/\/dueceira.pt\/index.php?rest_route=\/wp\/v2\/posts"}],"about":[{"href":"https:\/\/dueceira.pt\/index.php?rest_route=\/wp\/v2\/types\/post"}],"author":[{"embeddable":true,"href":"https:\/\/dueceira.pt\/index.php?rest_route=\/wp\/v2\/users\/3"}],"replies":[{"embeddable":true,"href":"https:\/\/dueceira.pt\/index.php?rest_route=%2Fwp%2Fv2%2Fcomments&post=12985"}],"version-history":[{"count":9,"href":"https:\/\/dueceira.pt\/index.php?rest_route=\/wp\/v2\/posts\/12985\/revisions"}],"predecessor-version":[{"id":13232,"href":"https:\/\/dueceira.pt\/index.php?rest_route=\/wp\/v2\/posts\/12985\/revisions\/13232"}],"wp:featuredmedia":[{"embeddable":true,"href":"https:\/\/dueceira.pt\/index.php?rest_route=\/wp\/v2\/media\/12992"}],"wp:attachment":[{"href":"https:\/\/dueceira.pt\/index.php?rest_route=%2Fwp%2Fv2%2Fmedia&parent=12985"}],"wp:term":[{"taxonomy":"category","embeddable":true,"href":"https:\/\/dueceira.pt\/index.php?rest_route=%2Fwp%2Fv2%2Fcategories&post=12985"},{"taxonomy":"post_tag","embeddable":true,"href":"https:\/\/dueceira.pt\/index.php?rest_route=%2Fwp%2Fv2%2Ftags&post=12985"}],"curies":[{"name":"wp","href":"https:\/\/api.w.org\/{rel}","templated":true}]}}