{"id":13045,"date":"2017-07-04T16:46:14","date_gmt":"2017-07-04T16:46:14","guid":{"rendered":"http:\/\/dueceira.pt\/new\/?p=13045"},"modified":"2019-02-07T12:07:35","modified_gmt":"2019-02-07T12:07:35","slug":"noite-branca-lousa-2017","status":"publish","type":"post","link":"https:\/\/dueceira.pt\/?p=13045","title":{"rendered":"Noite Branca Lous\u00e3 2017"},"content":{"rendered":"<div class=\"fusion-fullwidth fullwidth-box fusion-builder-row-1 hundred-percent-fullwidth non-hundred-percent-height-scrolling\" style=\"--awb-border-radius-top-left:0px;--awb-border-radius-top-right:0px;--awb-border-radius-bottom-right:0px;--awb-border-radius-bottom-left:0px;--awb-overflow:visible;--awb-flex-wrap:wrap;\" ><div class=\"fusion-builder-row fusion-row\"><div class=\"fusion-layout-column fusion_builder_column fusion-builder-column-0 fusion_builder_column_3_4 3_4 fusion-three-fourth fusion-column-first\" style=\"--awb-bg-size:cover;width:74%; margin-right: 4%;\"><div class=\"fusion-column-wrapper fusion-flex-column-wrapper-legacy\"><div class=\"fusion-text fusion-text-1\"><h4>Sob o lema \u201cCom a Rua do Com\u00e9rcio no Cora\u00e7\u00e3o\u201d, a DUECEIRA em parceria com a ADSCCL,\u00a0C\u00e2mara Municipal da Lous\u00e3, Junta de Freguesia de Lous\u00e3 e Vilarinho, AESL- Associa\u00e7\u00e3o Empresarial da Serra da Lous\u00e3 e Activar, apoia a organiza\u00e7\u00e3o e realiza\u00e7\u00e3o da Noite Branca Lous\u00e3 2017, 2\u00aa. edi\u00e7\u00e3o desta iniciativa, no pr\u00f3ximo dia 15 de Julho, S\u00e1bado, entre as 19h00 e as 02h00 na Rua do Com\u00e9rcio.<\/h4>\n<h4><a href=\"http:\/\/dueceira.pt\/wp-content\/uploads\/2017\/07\/noite-branca-flyer.jpg\"><img decoding=\"async\" class=\"alignnone size-large wp-image-13046\" src=\"http:\/\/dueceira.pt\/wp-content\/uploads\/2017\/07\/noite-branca-flyer-718x1024.jpg\" alt=\"\" width=\"669\" height=\"954\" srcset=\"https:\/\/dueceira.pt\/wp-content\/uploads\/2017\/07\/noite-branca-flyer-210x300.jpg 210w, https:\/\/dueceira.pt\/wp-content\/uploads\/2017\/07\/noite-branca-flyer-718x1024.jpg 718w, https:\/\/dueceira.pt\/wp-content\/uploads\/2017\/07\/noite-branca-flyer-768x1095.jpg 768w, https:\/\/dueceira.pt\/wp-content\/uploads\/2017\/07\/noite-branca-flyer.jpg 1291w\" sizes=\"(max-width: 669px) 100vw, 669px\" \/><\/a><\/h4>\n<h4>\n<\/div><div class=\"fusion-clearfix\"><\/div><\/div><\/div><\/h4>\n<\/div><\/div>\n","protected":false},"excerpt":{"rendered":"","protected":false},"author":3,"featured_media":0,"comment_status":"open","ping_status":"open","sticky":false,"template":"","format":"standard","meta":{"_jetpack_memberships_contains_paid_content":false,"footnotes":""},"categories":[38],"tags":[],"class_list":["post-13045","post","type-post","status-publish","format-standard","hentry","category-noticias"],"jetpack_featured_media_url":"","jetpack_sharing_enabled":true,"_links":{"self":[{"href":"https:\/\/dueceira.pt\/index.php?rest_route=\/wp\/v2\/posts\/13045","targetHints":{"allow":["GET"]}}],"collection":[{"href":"https:\/\/dueceira.pt\/index.php?rest_route=\/wp\/v2\/posts"}],"about":[{"href":"https:\/\/dueceira.pt\/index.php?rest_route=\/wp\/v2\/types\/post"}],"author":[{"embeddable":true,"href":"https:\/\/dueceira.pt\/index.php?rest_route=\/wp\/v2\/users\/3"}],"replies":[{"embeddable":true,"href":"https:\/\/dueceira.pt\/index.php?rest_route=%2Fwp%2Fv2%2Fcomments&post=13045"}],"version-history":[{"count":2,"href":"https:\/\/dueceira.pt\/index.php?rest_route=\/wp\/v2\/posts\/13045\/revisions"}],"predecessor-version":[{"id":13229,"href":"https:\/\/dueceira.pt\/index.php?rest_route=\/wp\/v2\/posts\/13045\/revisions\/13229"}],"wp:attachment":[{"href":"https:\/\/dueceira.pt\/index.php?rest_route=%2Fwp%2Fv2%2Fmedia&parent=13045"}],"wp:term":[{"taxonomy":"category","embeddable":true,"href":"https:\/\/dueceira.pt\/index.php?rest_route=%2Fwp%2Fv2%2Fcategories&post=13045"},{"taxonomy":"post_tag","embeddable":true,"href":"https:\/\/dueceira.pt\/index.php?rest_route=%2Fwp%2Fv2%2Ftags&post=13045"}],"curies":[{"name":"wp","href":"https:\/\/api.w.org\/{rel}","templated":true}]}}