{"id":13065,"date":"2017-08-18T19:10:13","date_gmt":"2017-08-18T19:10:13","guid":{"rendered":"http:\/\/dueceira.pt\/new\/?p=13065"},"modified":"2019-02-07T12:07:35","modified_gmt":"2019-02-07T12:07:35","slug":"boletim-informativo-edicao-no-8-agosto2017","status":"publish","type":"post","link":"https:\/\/dueceira.pt\/?p=13065","title":{"rendered":"Boletim Informativo Edi\u00e7\u00e3o n\u00ba. 8 | Agosto\/2017"},"content":{"rendered":"<div class=\"fusion-fullwidth fullwidth-box fusion-builder-row-1 hundred-percent-fullwidth non-hundred-percent-height-scrolling\" style=\"--awb-border-radius-top-left:0px;--awb-border-radius-top-right:0px;--awb-border-radius-bottom-right:0px;--awb-border-radius-bottom-left:0px;--awb-overflow:visible;--awb-flex-wrap:wrap;\" ><div class=\"fusion-builder-row fusion-row\"><div class=\"fusion-layout-column fusion_builder_column fusion-builder-column-0 fusion_builder_column_3_4 3_4 fusion-three-fourth fusion-column-first\" style=\"--awb-bg-size:cover;width:74%; margin-right: 4%;\"><div class=\"fusion-column-wrapper fusion-flex-column-wrapper-legacy\"><div class=\"fusion-text fusion-text-1\"><h4>Encontra-se dispon\u00edvel o Boletim Informativo Edi\u00e7\u00e3o n\u00ba. 8 de Agosto de 2017, do qual se destacam os seguintes temas:<\/h4>\n<ol>\n<li>\n<h4>SI2E- resultados da 1\u00aa. Fase de Concurso<\/h4>\n<\/li>\n<li>\n<h4>SI2E- aviso de concurso: 2\u00aa. Fase<\/h4>\n<\/li>\n<li>\n<h4>Altera\u00e7\u00e3o \u00e0 Portaria 152\/2016 de 25 de Maio do PDR2020 \u2013 Programa de Desenvolvimento Rural<\/h4>\n<\/li>\n<li>\n<h4>Sess\u00e3o de Esclarecimento: Pequenos Produtores| Grandes Empreendedores<\/h4>\n<\/li>\n<li>\n<h4>Provere iNature \u2013 Turismo Sustent\u00e1vel em \u00c1reas Classificadas<\/h4>\n<\/li>\n<li>\n<h4>Eventos realizados e\/ou participados | ExpoMiranda 2017 | I Inter-CPCJ Novos Paradigmas Familiares | Feira Nacional da Agricultura | | Centro de Compet\u00eancias da Caprinicultura | Cuba LEADER &#8211; Feira do Desenvolvimento Local | | Noite Branca Lous\u00e3 2017 |<\/h4>\n<h4><a href=\"http:\/\/dueceira.pt\/wp-content\/uploads\/2017\/08\/Boletim-Informativo-8-Agosto-2017.pdf\" target=\"_blank\" rel=\"noopener noreferrer\"><span style=\"color: #003300;\"><strong>EDI\u00c7\u00c3O COMPLETA<\/strong><\/span><\/a><\/h4>\n<\/li>\n<\/ol>\n<\/div><div class=\"fusion-clearfix\"><\/div><\/div><\/div><\/div><\/div>\n","protected":false},"excerpt":{"rendered":"","protected":false},"author":3,"featured_media":13067,"comment_status":"open","ping_status":"open","sticky":false,"template":"","format":"standard","meta":{"_jetpack_memberships_contains_paid_content":false,"footnotes":""},"categories":[38],"tags":[],"class_list":["post-13065","post","type-post","status-publish","format-standard","has-post-thumbnail","hentry","category-noticias"],"jetpack_featured_media_url":"https:\/\/dueceira.pt\/wp-content\/uploads\/2017\/08\/capa-boletim-8.jpg","jetpack_sharing_enabled":true,"_links":{"self":[{"href":"https:\/\/dueceira.pt\/index.php?rest_route=\/wp\/v2\/posts\/13065","targetHints":{"allow":["GET"]}}],"collection":[{"href":"https:\/\/dueceira.pt\/index.php?rest_route=\/wp\/v2\/posts"}],"about":[{"href":"https:\/\/dueceira.pt\/index.php?rest_route=\/wp\/v2\/types\/post"}],"author":[{"embeddable":true,"href":"https:\/\/dueceira.pt\/index.php?rest_route=\/wp\/v2\/users\/3"}],"replies":[{"embeddable":true,"href":"https:\/\/dueceira.pt\/index.php?rest_route=%2Fwp%2Fv2%2Fcomments&post=13065"}],"version-history":[{"count":6,"href":"https:\/\/dueceira.pt\/index.php?rest_route=\/wp\/v2\/posts\/13065\/revisions"}],"predecessor-version":[{"id":13227,"href":"https:\/\/dueceira.pt\/index.php?rest_route=\/wp\/v2\/posts\/13065\/revisions\/13227"}],"wp:featuredmedia":[{"embeddable":true,"href":"https:\/\/dueceira.pt\/index.php?rest_route=\/wp\/v2\/media\/13067"}],"wp:attachment":[{"href":"https:\/\/dueceira.pt\/index.php?rest_route=%2Fwp%2Fv2%2Fmedia&parent=13065"}],"wp:term":[{"taxonomy":"category","embeddable":true,"href":"https:\/\/dueceira.pt\/index.php?rest_route=%2Fwp%2Fv2%2Fcategories&post=13065"},{"taxonomy":"post_tag","embeddable":true,"href":"https:\/\/dueceira.pt\/index.php?rest_route=%2Fwp%2Fv2%2Ftags&post=13065"}],"curies":[{"name":"wp","href":"https:\/\/api.w.org\/{rel}","templated":true}]}}