{"id":13410,"date":"2018-09-12T13:52:56","date_gmt":"2018-09-12T13:52:56","guid":{"rendered":"http:\/\/dueceira.pt\/?p=13410"},"modified":"2019-02-07T12:07:34","modified_gmt":"2019-02-07T12:07:34","slug":"forum-boas-praticas","status":"publish","type":"post","link":"https:\/\/dueceira.pt\/?p=13410","title":{"rendered":"F\u00f3rum Boas Pr\u00e1ticas"},"content":{"rendered":"<p><strong>CONVITE<br \/>\nF\u00f3rum Boas Pr\u00e1ticas<\/strong><\/p>\n<p><strong>21 de Setembro de 2018<\/strong><\/p>\n<p><strong>Museu \u00c1lvaro Viana de Lemos, Lous\u00e3<\/strong><\/p>\n<p>TEMAS: Circuitos Curtos Agro-Alimentares, Sa\u00fade e Alimenta\u00e7\u00e3o Saud\u00e1vel, Sustentabilidade dos territ\u00f3rios, seus agentes\u00a0 e do pr\u00f3prio planeta, Dietas Atl\u00e2ntica e Mediterr\u00e2nica, Valoriza\u00e7\u00e3o das Produ\u00e7\u00f5es Locais atrav\u00e9s de Cadeias Curtas e Ultra Curtas, Agricultura Familiar e Mercados Locais,<\/p>\n<p><strong>\u00a0<\/strong><\/p>\n<ul>\n<li><strong>10h15 (sess\u00e3o para T\u00e9cnicos) <\/strong><\/li>\n<\/ul>\n<p>Componente de cariz informativa\/formativa, espec\u00edfica para t\u00e9cnicos que decorre da parte da manh\u00e3 \u2013 e que ser\u00e1 ministrada pelas T\u00e9cnicas especializadas da tem\u00e1tica da DGADR- Direc\u00e7\u00e3o Geral de Agricultura e Desenvolvimento Rural \/ RRN- Rede Rural Nacional<\/p>\n<ul>\n<li><strong>14h00 (sess\u00e3o para T\u00e9cnicos, Produtores e P\u00fablico em geral)<\/strong><\/li>\n<\/ul>\n<p>Apresenta\u00e7\u00e3o de experi\u00eancias, projectos e boas pr\u00e1ticas com manifesto sucesso, enquanto exemplos inspiradores<\/p>\n<p><strong>\u00a0<\/strong><\/p>\n<p><strong>Inscri\u00e7\u00e3o Gratu\u00edta mas obrigat\u00f3ria<\/strong><\/p>\n<p><strong>at\u00e9 ao dia 17 de Setembro<\/strong><\/p>\n<p><strong>para\u00a0 e-mail: <u>clds@arcil.org<\/u> ou para o telem\u00f3vel: 919468164<\/strong><\/p>\n<p><strong>\u00a0<\/strong><\/p>\n<p><strong>Organiza\u00e7\u00e3o: Grupo de Trabalho da Parceria do CLDS 3G Lous\u00e3+Inclusiva<\/strong><\/p>\n","protected":false},"excerpt":{"rendered":"<p>CONVITE F\u00f3rum Boas Pr\u00e1ticas 21 de Setembro de 2018 Museu \u00c1lvaro Viana de Lemos, Lous\u00e3 TEMAS: Circuitos Curtos Agro-Alimentares, Sa\u00fade e Alimenta\u00e7\u00e3o Saud\u00e1vel, Sustentabilidade dos territ\u00f3rios, seus agentes\u00a0 e do pr\u00f3prio planeta, Dietas Atl\u00e2ntica e Mediterr\u00e2nica, Valoriza\u00e7\u00e3o das Produ\u00e7\u00f5es Locais atrav\u00e9s de Cadeias Curtas e Ultra Curtas, Agricultura Familiar e Mercados Locais, \u00a0 10h15 (sess\u00e3o  [&#8230;]<\/p>\n","protected":false},"author":3,"featured_media":13411,"comment_status":"open","ping_status":"open","sticky":false,"template":"","format":"standard","meta":{"_jetpack_memberships_contains_paid_content":false,"footnotes":""},"categories":[38],"tags":[],"class_list":["post-13410","post","type-post","status-publish","format-standard","has-post-thumbnail","hentry","category-noticias"],"jetpack_featured_media_url":"https:\/\/dueceira.pt\/wp-content\/uploads\/2018\/09\/cartaz_final.jpg","jetpack_sharing_enabled":true,"_links":{"self":[{"href":"https:\/\/dueceira.pt\/index.php?rest_route=\/wp\/v2\/posts\/13410","targetHints":{"allow":["GET"]}}],"collection":[{"href":"https:\/\/dueceira.pt\/index.php?rest_route=\/wp\/v2\/posts"}],"about":[{"href":"https:\/\/dueceira.pt\/index.php?rest_route=\/wp\/v2\/types\/post"}],"author":[{"embeddable":true,"href":"https:\/\/dueceira.pt\/index.php?rest_route=\/wp\/v2\/users\/3"}],"replies":[{"embeddable":true,"href":"https:\/\/dueceira.pt\/index.php?rest_route=%2Fwp%2Fv2%2Fcomments&post=13410"}],"version-history":[{"count":4,"href":"https:\/\/dueceira.pt\/index.php?rest_route=\/wp\/v2\/posts\/13410\/revisions"}],"predecessor-version":[{"id":13415,"href":"https:\/\/dueceira.pt\/index.php?rest_route=\/wp\/v2\/posts\/13410\/revisions\/13415"}],"wp:featuredmedia":[{"embeddable":true,"href":"https:\/\/dueceira.pt\/index.php?rest_route=\/wp\/v2\/media\/13411"}],"wp:attachment":[{"href":"https:\/\/dueceira.pt\/index.php?rest_route=%2Fwp%2Fv2%2Fmedia&parent=13410"}],"wp:term":[{"taxonomy":"category","embeddable":true,"href":"https:\/\/dueceira.pt\/index.php?rest_route=%2Fwp%2Fv2%2Fcategories&post=13410"},{"taxonomy":"post_tag","embeddable":true,"href":"https:\/\/dueceira.pt\/index.php?rest_route=%2Fwp%2Fv2%2Ftags&post=13410"}],"curies":[{"name":"wp","href":"https:\/\/api.w.org\/{rel}","templated":true}]}}