{"id":13619,"date":"2019-07-09T13:31:46","date_gmt":"2019-07-09T13:31:46","guid":{"rendered":"http:\/\/dueceira.pt\/?p=13619"},"modified":"2019-07-09T14:30:47","modified_gmt":"2019-07-09T14:30:47","slug":"pacto-para-o-desenvolvimento-local-2030","status":"publish","type":"post","link":"https:\/\/dueceira.pt\/?p=13619","title":{"rendered":"Pacto para o Desenvolvimento Local 2030"},"content":{"rendered":"<h3>CIDADANIA RESPONS\u00c1VEL, UMA CONDI\u00c7\u00c3O PARA A SUSTENTABILIDADE DOS TERRIT\u00d3RIOS\u2026<\/h3>\n<h3>A INTERVEN\u00c7\u00c3O E POSICIONAMENTO DAS ORGANIZA\u00c7\u00d5ES REPRESENTATIVAS DA SOCIEDADE CIVIL NA CONSTRU\u00c7\u00c3O DO SEU FUTURO.<\/h3>\n<hr \/>\n<h4>O Pacto para o Desenvolvimento Local 2030 trata-se de um documento de posi\u00e7\u00e3o &#8211; num processo dinamizado pela Minha Terra Federa\u00e7\u00e3o Nacional de Associa\u00e7\u00f5es de Desenvolvimento Local e que representa 60 GAL-Grupos de Ac\u00e7\u00e3o Local nacionais -, que pretende reafirmar a import\u00e2ncia dos GAL- Grupos de Ac\u00e7\u00e3o Local para os territ\u00f3rios e comunidades que representam, objectivando influenciar os respons\u00e1veis pol\u00edticos pelo desenho e pelas decis\u00f5es sobre os instrumentos de base territorial para que, no pr\u00f3ximo quadro de programa\u00e7\u00e3o comunit\u00e1rio, se definam programas ajustados \u00e0s necessidades e perspectivas locais, permitindo que as Associa\u00e7\u00f5es atrav\u00e9s das suas parcerias locais mantenham uma participa\u00e7\u00e3o forte, coesa e activa na implementa\u00e7\u00e3o dos processos locais de desenvolvimento.<\/h4>\n<hr \/>\n<ul>\n<li><strong><a href=\"http:\/\/dueceira.pt\/wp-content\/uploads\/2019\/07\/Pacto_DL2030-Documento-Final.pdf\" target=\"_blank\" rel=\"noopener noreferrer\">PACTO &#8211; Texto Completo<\/a><\/strong><\/li>\n<li><strong><a href=\"http:\/\/dueceira.pt\/wp-content\/uploads\/2019\/07\/a-PACTO_APRESENTA\u00c7\u00c3O-Resumo.pdf\" target=\"_blank\" rel=\"noopener noreferrer\">PACTO &#8211; S\u00edntese\/Apresenta\u00e7\u00e3o<\/a><\/strong><\/li>\n<\/ul>\n","protected":false},"excerpt":{"rendered":"<p>CIDADANIA RESPONS\u00c1VEL, UMA CONDI\u00c7\u00c3O PARA A SUSTENTABILIDADE DOS TERRIT\u00d3RIOS\u2026 A INTERVEN\u00c7\u00c3O E POSICIONAMENTO DAS ORGANIZA\u00c7\u00d5ES REPRESENTATIVAS DA SOCIEDADE CIVIL NA CONSTRU\u00c7\u00c3O DO SEU FUTURO. O Pacto para o Desenvolvimento Local 2030 trata-se de um documento de posi\u00e7\u00e3o &#8211; num processo dinamizado pela Minha Terra Federa\u00e7\u00e3o Nacional de Associa\u00e7\u00f5es de Desenvolvimento Local e que representa 60  [&#8230;]<\/p>\n","protected":false},"author":3,"featured_media":13611,"comment_status":"open","ping_status":"open","sticky":false,"template":"","format":"standard","meta":{"_jetpack_memberships_contains_paid_content":false,"footnotes":""},"categories":[38],"tags":[],"class_list":["post-13619","post","type-post","status-publish","format-standard","has-post-thumbnail","hentry","category-noticias"],"jetpack_featured_media_url":"https:\/\/dueceira.pt\/wp-content\/uploads\/2019\/07\/Logo-Pacto-2030_C2.png","jetpack_sharing_enabled":true,"_links":{"self":[{"href":"https:\/\/dueceira.pt\/index.php?rest_route=\/wp\/v2\/posts\/13619","targetHints":{"allow":["GET"]}}],"collection":[{"href":"https:\/\/dueceira.pt\/index.php?rest_route=\/wp\/v2\/posts"}],"about":[{"href":"https:\/\/dueceira.pt\/index.php?rest_route=\/wp\/v2\/types\/post"}],"author":[{"embeddable":true,"href":"https:\/\/dueceira.pt\/index.php?rest_route=\/wp\/v2\/users\/3"}],"replies":[{"embeddable":true,"href":"https:\/\/dueceira.pt\/index.php?rest_route=%2Fwp%2Fv2%2Fcomments&post=13619"}],"version-history":[{"count":8,"href":"https:\/\/dueceira.pt\/index.php?rest_route=\/wp\/v2\/posts\/13619\/revisions"}],"predecessor-version":[{"id":13627,"href":"https:\/\/dueceira.pt\/index.php?rest_route=\/wp\/v2\/posts\/13619\/revisions\/13627"}],"wp:featuredmedia":[{"embeddable":true,"href":"https:\/\/dueceira.pt\/index.php?rest_route=\/wp\/v2\/media\/13611"}],"wp:attachment":[{"href":"https:\/\/dueceira.pt\/index.php?rest_route=%2Fwp%2Fv2%2Fmedia&parent=13619"}],"wp:term":[{"taxonomy":"category","embeddable":true,"href":"https:\/\/dueceira.pt\/index.php?rest_route=%2Fwp%2Fv2%2Fcategories&post=13619"},{"taxonomy":"post_tag","embeddable":true,"href":"https:\/\/dueceira.pt\/index.php?rest_route=%2Fwp%2Fv2%2Ftags&post=13619"}],"curies":[{"name":"wp","href":"https:\/\/api.w.org\/{rel}","templated":true}]}}