{"id":13628,"date":"2019-07-09T17:07:26","date_gmt":"2019-07-09T17:07:26","guid":{"rendered":"http:\/\/dueceira.pt\/?p=13628"},"modified":"2019-07-09T17:42:46","modified_gmt":"2019-07-09T17:42:46","slug":"pacto-para-o-desenvolvimento-local-2030-sessao-de-apresentacao-e-assinatura","status":"publish","type":"post","link":"https:\/\/dueceira.pt\/?p=13628","title":{"rendered":"Pacto DL 2030 &#8211; Sess\u00e3o de Apresenta\u00e7\u00e3o e Assinatura"},"content":{"rendered":"<div class=\"fusion-fullwidth fullwidth-box fusion-builder-row-1 nonhundred-percent-fullwidth non-hundred-percent-height-scrolling\" style=\"--awb-border-radius-top-left:0px;--awb-border-radius-top-right:0px;--awb-border-radius-bottom-right:0px;--awb-border-radius-bottom-left:0px;--awb-flex-wrap:wrap;\" ><div class=\"fusion-builder-row fusion-row\"><div class=\"fusion-layout-column fusion_builder_column fusion-builder-column-0 fusion_builder_column_1_1 1_1 fusion-one-full fusion-column-first fusion-column-last\" style=\"--awb-bg-size:cover;--awb-margin-bottom:0px;\"><div class=\"fusion-column-wrapper fusion-flex-column-wrapper-legacy\"><div class=\"fusion-text fusion-text-1\"><h4><strong>Encontro Nacional \u201cPACTO Desenvolvimento Local 2030\u201d<\/strong><\/h4>\n<h4><strong>12 de Julho<\/strong>, Sexta-Feira<\/h4>\n<h4><strong>Centro Cultural de Campo Maior, 14h30<\/strong><\/h4>\n<h4>Momento de balan\u00e7o, reflex\u00e3o, partilha e valoriza\u00e7\u00e3o dos territ\u00f3rios o qual permitir\u00e1 olhar para o passado, analisar o presente e perspectivar o futuro do instrumento DLBC \u2013 Desenvolvimento Local de Base Comunit\u00e1ria.<\/h4>\n<h4>Todos contribu\u00edmos para o Desenvolvimento Local! Todos somos Territ\u00f3rio!<\/h4>\n<h4>Contamos com a vossa presen\u00e7a e o vosso apoio!<\/h4>\n<h4><a href=\"https:\/\/docs.google.com\/forms\/d\/e\/1FAIpQLScWetABRo_jWTHU-3Zm-oMYwlGAZN3lFGdWdBArDgA82YYcBw\/viewform\" target=\"_blank\" rel=\"noopener noreferrer\"><em>INSCRI\u00c7\u00c3O<\/em><\/a><\/h4>\n<hr \/>\n<h4>PROGRAMA<\/h4>\n<table>\n<tbody>\n<tr>\n<td width=\"208\">\n<h4><strong>14:30\u00a0 Abertura<\/strong><\/h4>\n<\/td>\n<td width=\"689\">\n<h4>Maria Jo\u00e3o Botelho, Presidente da Federa\u00e7\u00e3o Minha Terra<\/h4>\n<h4>Comendador Rui Nabeiro, Empres\u00e1rio, Campo Maior<\/h4>\n<h4>Ricardo Pinheiro, Presidente da CIM do Alto Alentejo e da CM de Campo Maior<\/h4>\n<h4>Nelson de Souza, Ministro do Planeamento<\/h4>\n<\/td>\n<\/tr>\n<tr>\n<td width=\"208\">\n<h4><strong>15:15\u00a0 <em>Keynote<\/em><\/strong><\/h4>\n<h4><\/h4>\n<\/td>\n<td width=\"689\">\n<h4>Paulo Madruga, Ernst &amp; Young | Augusto Mateus &amp; Associados<\/h4>\n<h4><em>Os desafios do Desenvolvimento Local de Base Comunit\u00e1ria na programa\u00e7\u00e3o 2021-2027<\/em><\/h4>\n<\/td>\n<\/tr>\n<tr>\n<td width=\"208\">\n<h4><strong>15:45\u00a0 Painel<\/strong><\/h4>\n<h4><\/h4>\n<\/td>\n<td width=\"689\">\n<h4>Projetos Reais, Pessoas Reais<\/h4>\n<h4><em>Modera\u00e7\u00e3o de Roberto Dores, <strong>TSF<\/strong><\/em><\/h4>\n<\/td>\n<\/tr>\n<tr>\n<td width=\"208\">\n<h4><strong>16:30\u00a0<\/strong><\/h4>\n<h4><\/h4>\n<\/td>\n<td width=\"689\">\n<h4>Ant\u00f3nio Pombinho, Diretor da Federa\u00e7\u00e3o Minha Terra<\/h4>\n<h4><em>Apresenta\u00e7\u00e3o e assinatura simb\u00f3lica do Pacto Desenvolvimento Local 2030<\/em><\/h4>\n<\/td>\n<\/tr>\n<tr>\n<td width=\"208\">\n<h4><strong>17:00\u00a0 Fim dos trabalhos<\/strong><\/h4>\n<\/td>\n<td width=\"689\"><\/td>\n<\/tr>\n<\/tbody>\n<\/table>\n<\/div><div class=\"fusion-clearfix\"><\/div><\/div><\/div><\/div><\/div>\n","protected":false},"excerpt":{"rendered":"","protected":false},"author":3,"featured_media":13633,"comment_status":"open","ping_status":"open","sticky":false,"template":"","format":"standard","meta":{"_jetpack_memberships_contains_paid_content":false,"footnotes":""},"categories":[38],"tags":[],"class_list":["post-13628","post","type-post","status-publish","format-standard","has-post-thumbnail","hentry","category-noticias"],"jetpack_featured_media_url":"https:\/\/dueceira.pt\/wp-content\/uploads\/2019\/07\/Add-a-heading-2.png","jetpack_sharing_enabled":true,"_links":{"self":[{"href":"https:\/\/dueceira.pt\/index.php?rest_route=\/wp\/v2\/posts\/13628","targetHints":{"allow":["GET"]}}],"collection":[{"href":"https:\/\/dueceira.pt\/index.php?rest_route=\/wp\/v2\/posts"}],"about":[{"href":"https:\/\/dueceira.pt\/index.php?rest_route=\/wp\/v2\/types\/post"}],"author":[{"embeddable":true,"href":"https:\/\/dueceira.pt\/index.php?rest_route=\/wp\/v2\/users\/3"}],"replies":[{"embeddable":true,"href":"https:\/\/dueceira.pt\/index.php?rest_route=%2Fwp%2Fv2%2Fcomments&post=13628"}],"version-history":[{"count":6,"href":"https:\/\/dueceira.pt\/index.php?rest_route=\/wp\/v2\/posts\/13628\/revisions"}],"predecessor-version":[{"id":13635,"href":"https:\/\/dueceira.pt\/index.php?rest_route=\/wp\/v2\/posts\/13628\/revisions\/13635"}],"wp:featuredmedia":[{"embeddable":true,"href":"https:\/\/dueceira.pt\/index.php?rest_route=\/wp\/v2\/media\/13633"}],"wp:attachment":[{"href":"https:\/\/dueceira.pt\/index.php?rest_route=%2Fwp%2Fv2%2Fmedia&parent=13628"}],"wp:term":[{"taxonomy":"category","embeddable":true,"href":"https:\/\/dueceira.pt\/index.php?rest_route=%2Fwp%2Fv2%2Fcategories&post=13628"},{"taxonomy":"post_tag","embeddable":true,"href":"https:\/\/dueceira.pt\/index.php?rest_route=%2Fwp%2Fv2%2Ftags&post=13628"}],"curies":[{"name":"wp","href":"https:\/\/api.w.org\/{rel}","templated":true}]}}