{"id":13653,"date":"2019-08-28T14:47:24","date_gmt":"2019-08-28T14:47:24","guid":{"rendered":"http:\/\/dueceira.pt\/?p=13653"},"modified":"2019-08-28T16:20:16","modified_gmt":"2019-08-28T16:20:16","slug":"boletim-informativo-no-12-agosto-2019","status":"publish","type":"post","link":"https:\/\/dueceira.pt\/?p=13653","title":{"rendered":"Boletim Informativo n\u00ba. 12 | Agosto 2019"},"content":{"rendered":"<p><a href=\"https:\/\/dueceira.pt\/wp-content\/uploads\/2019\/08\/Boletim-Informativo-n%c2%ba.12-AGOSTO-2019.pdf\" target=\"_blank\" rel=\"noopener noreferrer\"><img decoding=\"async\" class=\"alignnone wp-image-13655\" src=\"http:\/\/dueceira.pt\/wp-content\/uploads\/2019\/08\/Capa-Boletim-12-212x300.png\" alt=\"\" width=\"245\" height=\"346\" \/><\/a><\/p>\n<h4>Nesta Edi\u00e7\u00e3o:<\/h4>\n<ol>\n<li>\n<h4>Opera\u00e7\u00e3o 10.211 \u2013 Pequenos Investimentos nas Explora\u00e7\u00f5es Agr\u00edcolas &#8211; 3\u00ba. An\u00fancio de Concurso a decorrer at\u00e9 30 de Setembro de 2019 | Actividades enquadr\u00e1veis | Reuni\u00f5es Individuais de Esclarecimento<\/h4>\n<\/li>\n<li>\n<h4>Cidadania respons\u00e1vel, uma condi\u00e7\u00e3o para a sustentabilidade dos Territ\u00f3rios\u2026 Pacto para o Desenvolvimento Local 2030 | Processos Local e Nacional<\/h4>\n<\/li>\n<li>\n<h4>Actividades e Not\u00edcias dos associados | Iniciativas no territ\u00f3rio<\/h4>\n<\/li>\n<\/ol>\n<ul>\n<li style=\"list-style-type: none;\">\n<ul>\n<li>\n<h4>Tomada de Posi\u00e7\u00e3o P\u00fablica da <span style=\"color: #000000;\">AESL \u2013<\/span> Associa\u00e7\u00e3o Empresarial da Serra da Lous\u00e3<\/h4>\n<\/li>\n<li>\n<h4>Mosteiro de Santa Maria de Semide foi palco das 7 Maravilhas Doces de Portugal<\/h4>\n<\/li>\n<li>\n<h4>Semin\u00e1rio Florestal \u201cImpacto das pol\u00edticas P\u00fablicas no Sector Agro-Florestal do Pinhal Interior \u2013 ap\u00f3s 2017\u201d 31 de Agosto \u2013 HIESE \u2013 Espinhal &#8211; Penela<\/h4>\n<\/li>\n<li>\n<h4>Empreender em Vila Nova de Poiares [concurso municipal de empreendedorismo]<\/h4>\n<\/li>\n<\/ul>\n<\/li>\n<\/ul>\n<p>&nbsp;<\/p>\n<p><strong><a href=\"http:\/\/dueceira.pt\/wp-content\/uploads\/2019\/08\/Boletim-Informativo-n\u00ba.12-AGOSTO-2019.pdf\" target=\"_blank\" rel=\"noopener noreferrer\">&gt;&gt;&gt;&gt; Acesso \u00e0 Edi\u00e7\u00e3o Completa<\/a><\/strong><\/p>\n","protected":false},"excerpt":{"rendered":"<p>Nesta Edi\u00e7\u00e3o: Opera\u00e7\u00e3o 10.211 \u2013 Pequenos Investimentos nas Explora\u00e7\u00f5es Agr\u00edcolas &#8211; 3\u00ba. An\u00fancio de Concurso a decorrer at\u00e9 30 de Setembro de 2019 | Actividades enquadr\u00e1veis | Reuni\u00f5es Individuais de Esclarecimento Cidadania respons\u00e1vel, uma condi\u00e7\u00e3o para a sustentabilidade dos Territ\u00f3rios\u2026 Pacto para o Desenvolvimento Local 2030 | Processos Local e Nacional Actividades e Not\u00edcias dos  [&#8230;]<\/p>\n","protected":false},"author":3,"featured_media":0,"comment_status":"open","ping_status":"open","sticky":false,"template":"","format":"standard","meta":{"_jetpack_memberships_contains_paid_content":false,"footnotes":""},"categories":[38],"tags":[],"class_list":["post-13653","post","type-post","status-publish","format-standard","hentry","category-noticias"],"jetpack_featured_media_url":"","jetpack_sharing_enabled":true,"_links":{"self":[{"href":"https:\/\/dueceira.pt\/index.php?rest_route=\/wp\/v2\/posts\/13653","targetHints":{"allow":["GET"]}}],"collection":[{"href":"https:\/\/dueceira.pt\/index.php?rest_route=\/wp\/v2\/posts"}],"about":[{"href":"https:\/\/dueceira.pt\/index.php?rest_route=\/wp\/v2\/types\/post"}],"author":[{"embeddable":true,"href":"https:\/\/dueceira.pt\/index.php?rest_route=\/wp\/v2\/users\/3"}],"replies":[{"embeddable":true,"href":"https:\/\/dueceira.pt\/index.php?rest_route=%2Fwp%2Fv2%2Fcomments&post=13653"}],"version-history":[{"count":8,"href":"https:\/\/dueceira.pt\/index.php?rest_route=\/wp\/v2\/posts\/13653\/revisions"}],"predecessor-version":[{"id":13663,"href":"https:\/\/dueceira.pt\/index.php?rest_route=\/wp\/v2\/posts\/13653\/revisions\/13663"}],"wp:attachment":[{"href":"https:\/\/dueceira.pt\/index.php?rest_route=%2Fwp%2Fv2%2Fmedia&parent=13653"}],"wp:term":[{"taxonomy":"category","embeddable":true,"href":"https:\/\/dueceira.pt\/index.php?rest_route=%2Fwp%2Fv2%2Fcategories&post=13653"},{"taxonomy":"post_tag","embeddable":true,"href":"https:\/\/dueceira.pt\/index.php?rest_route=%2Fwp%2Fv2%2Ftags&post=13653"}],"curies":[{"name":"wp","href":"https:\/\/api.w.org\/{rel}","templated":true}]}}