{"id":13999,"date":"2020-06-16T10:02:02","date_gmt":"2020-06-16T10:02:02","guid":{"rendered":"http:\/\/dueceira.pt\/?p=13999"},"modified":"2020-06-16T10:08:24","modified_gmt":"2020-06-16T10:08:24","slug":"13999","status":"publish","type":"post","link":"https:\/\/dueceira.pt\/?p=13999","title":{"rendered":"Concurso Aberto &#8211; Opera\u00e7\u00e3o 10.214 &#8211; Mercados Locais"},"content":{"rendered":"<h2 class=\"entry-title fusion-post-title fusion-responsive-typography-calculated\" data-fontsize=\"18\" data-lineheight=\"27px\">Opera\u00e7\u00e3o 10.214 \u2013 Componente MERCADOS LOCAIS<\/h2>\n<div class=\"post-content\">\n<div class=\"post-content\">\n<h3 class=\"entry-title fusion-post-title fusion-responsive-typography-calculated\" data-fontsize=\"16\" data-lineheight=\"10.08px\">Componente MERCADOS LOCAIS \u2013 4\u00ba. An\u00fancio \u2013 Concurso Aberto at\u00e9 30 de Junho<\/h3>\n<div class=\"fusion-post-content-container\">\n<h4 class=\"fusion-responsive-typography-calculated\" data-fontsize=\"16\" data-lineheight=\"20px\">Abertura de Concurso GAL DUECEIRA \u2013 Opera\u00e7\u00e3o 10.214 \u2013 Cadeias Curtas e Mercados Locais<br \/>\nSubmiss\u00e3o de Candidaturas entre 28 de Maio e 30 de Junho de 2020<br \/>\nMarca\u00e7\u00e3o de reuni\u00f5es presenciais, informa\u00e7\u00f5es e esclarecimentos atrav\u00e9s do T: 239 995268 ou E: dueceira@sapo.pt<\/h4>\n<h4 class=\"fusion-responsive-typography-calculated\" data-fontsize=\"16\" data-lineheight=\"20px\">&gt;&gt;&gt;\u00a0<a href=\"https:\/\/dueceira.pt\/?page_id=13453\" target=\"_blank\" rel=\"noopener noreferrer\">MAIS INFORMA\u00c7\u00c3O<\/a><\/h4>\n<\/div>\n<\/div>\n<\/div>\n","protected":false},"excerpt":{"rendered":"<p>Opera\u00e7\u00e3o 10.214 \u2013 Componente MERCADOS LOCAIS Componente MERCADOS LOCAIS \u2013 4\u00ba. An\u00fancio \u2013 Concurso Aberto at\u00e9 30 de Junho Abertura de Concurso GAL DUECEIRA \u2013 Opera\u00e7\u00e3o 10.214 \u2013 Cadeias Curtas e Mercados Locais Submiss\u00e3o de Candidaturas entre 28 de Maio e 30 de Junho de 2020 Marca\u00e7\u00e3o de reuni\u00f5es presenciais, informa\u00e7\u00f5es e esclarecimentos atrav\u00e9s do  [&#8230;]<\/p>\n","protected":false},"author":3,"featured_media":14003,"comment_status":"open","ping_status":"open","sticky":false,"template":"","format":"standard","meta":{"_jetpack_memberships_contains_paid_content":false,"footnotes":""},"categories":[38],"tags":[],"class_list":["post-13999","post","type-post","status-publish","format-standard","has-post-thumbnail","hentry","category-noticias"],"jetpack_featured_media_url":"https:\/\/dueceira.pt\/wp-content\/uploads\/2020\/06\/100977482_2636066723297389_4809963144992522240_o.jpg","jetpack_sharing_enabled":true,"_links":{"self":[{"href":"https:\/\/dueceira.pt\/index.php?rest_route=\/wp\/v2\/posts\/13999","targetHints":{"allow":["GET"]}}],"collection":[{"href":"https:\/\/dueceira.pt\/index.php?rest_route=\/wp\/v2\/posts"}],"about":[{"href":"https:\/\/dueceira.pt\/index.php?rest_route=\/wp\/v2\/types\/post"}],"author":[{"embeddable":true,"href":"https:\/\/dueceira.pt\/index.php?rest_route=\/wp\/v2\/users\/3"}],"replies":[{"embeddable":true,"href":"https:\/\/dueceira.pt\/index.php?rest_route=%2Fwp%2Fv2%2Fcomments&post=13999"}],"version-history":[{"count":2,"href":"https:\/\/dueceira.pt\/index.php?rest_route=\/wp\/v2\/posts\/13999\/revisions"}],"predecessor-version":[{"id":14006,"href":"https:\/\/dueceira.pt\/index.php?rest_route=\/wp\/v2\/posts\/13999\/revisions\/14006"}],"wp:featuredmedia":[{"embeddable":true,"href":"https:\/\/dueceira.pt\/index.php?rest_route=\/wp\/v2\/media\/14003"}],"wp:attachment":[{"href":"https:\/\/dueceira.pt\/index.php?rest_route=%2Fwp%2Fv2%2Fmedia&parent=13999"}],"wp:term":[{"taxonomy":"category","embeddable":true,"href":"https:\/\/dueceira.pt\/index.php?rest_route=%2Fwp%2Fv2%2Fcategories&post=13999"},{"taxonomy":"post_tag","embeddable":true,"href":"https:\/\/dueceira.pt\/index.php?rest_route=%2Fwp%2Fv2%2Ftags&post=13999"}],"curies":[{"name":"wp","href":"https:\/\/api.w.org\/{rel}","templated":true}]}}