{"id":14014,"date":"2020-06-16T11:46:06","date_gmt":"2020-06-16T11:46:06","guid":{"rendered":"http:\/\/dueceira.pt\/?p=14014"},"modified":"2020-06-16T11:46:06","modified_gmt":"2020-06-16T11:46:06","slug":"processo-de-alienacao-de-equipamento","status":"publish","type":"post","link":"https:\/\/dueceira.pt\/?p=14014","title":{"rendered":"Processo de Aliena\u00e7\u00e3o de Equipamento"},"content":{"rendered":"<h3>Processo de Aliena\u00e7\u00e3o de Equipamento de Parque de M\u00e1quinas Florestal<\/h3>\n<ul>\n<li>\n<h4><b>Entidade alienante: <\/b><b>Dueceira-Associa\u00e7\u00e3o de Desenvolvimento do Ceira e Due\u00e7a<\/b><\/h4>\n<\/li>\n<li>\n<h4><strong>Contactos para mais informa\u00e7\u00e3o:<\/strong> T:239 99 52 68 | E: dueceira@sapo.pt<\/h4>\n<\/li>\n<li>\n<h4><b>Objecto da Aliena\u00e7\u00e3o:\u00a0 <\/b>1 lote composto por Escavadora Hidr\u00e1ulica Girat\u00f3ria<\/h4>\n<\/li>\n<li>\n<h4><b>Programa do Procedimento: <\/b>dispon\u00edvel para consulta <a href=\"http:\/\/dueceira.pt\/wp-content\/uploads\/2020\/06\/Programa-processo-de-aliena\u00e7\u00e3o.pdf\" target=\"_blank\" rel=\"noopener noreferrer\"><span style=\"color: #0000ff;\"><strong>AQUI <\/strong><\/span><\/a>ou presencialmente\u00a0na sede da associa\u00e7\u00e3o, dias \u00fateis das\u00a0 9h00-12h30\/14h0017h30<\/h4>\n<\/li>\n<li>\n<h4>Rua General Humberto Delgado, 21, 3200-242 Lous\u00e3<\/h4>\n<\/li>\n<li>\n<h4><b>Apresenta\u00e7\u00e3o de Propostas: <\/b>\u00a0at\u00e9 <strong>17h30<\/strong> de <b>03\/07\/2020<\/b><\/h4>\n<\/li>\n<\/ul>\n<p>&nbsp;<\/p>\n","protected":false},"excerpt":{"rendered":"<p>Processo de Aliena\u00e7\u00e3o de Equipamento de Parque de M\u00e1quinas Florestal Entidade alienante: Dueceira-Associa\u00e7\u00e3o de Desenvolvimento do Ceira e Due\u00e7a Contactos para mais informa\u00e7\u00e3o: T:239 99 52 68 | E: dueceira@sapo.pt Objecto da Aliena\u00e7\u00e3o:\u00a0 1 lote composto por Escavadora Hidr\u00e1ulica Girat\u00f3ria Programa do Procedimento: dispon\u00edvel para consulta AQUI ou presencialmente\u00a0na sede da associa\u00e7\u00e3o, dias \u00fateis das\u00a0  [&#8230;]<\/p>\n","protected":false},"author":3,"featured_media":14015,"comment_status":"open","ping_status":"open","sticky":false,"template":"","format":"standard","meta":{"_jetpack_memberships_contains_paid_content":false,"footnotes":""},"categories":[38],"tags":[],"class_list":["post-14014","post","type-post","status-publish","format-standard","has-post-thumbnail","hentry","category-noticias"],"jetpack_featured_media_url":"https:\/\/dueceira.pt\/wp-content\/uploads\/2020\/06\/Aliena\u00e7\u00e3o-de-equipamento-1.png","jetpack_sharing_enabled":true,"_links":{"self":[{"href":"https:\/\/dueceira.pt\/index.php?rest_route=\/wp\/v2\/posts\/14014","targetHints":{"allow":["GET"]}}],"collection":[{"href":"https:\/\/dueceira.pt\/index.php?rest_route=\/wp\/v2\/posts"}],"about":[{"href":"https:\/\/dueceira.pt\/index.php?rest_route=\/wp\/v2\/types\/post"}],"author":[{"embeddable":true,"href":"https:\/\/dueceira.pt\/index.php?rest_route=\/wp\/v2\/users\/3"}],"replies":[{"embeddable":true,"href":"https:\/\/dueceira.pt\/index.php?rest_route=%2Fwp%2Fv2%2Fcomments&post=14014"}],"version-history":[{"count":1,"href":"https:\/\/dueceira.pt\/index.php?rest_route=\/wp\/v2\/posts\/14014\/revisions"}],"predecessor-version":[{"id":14017,"href":"https:\/\/dueceira.pt\/index.php?rest_route=\/wp\/v2\/posts\/14014\/revisions\/14017"}],"wp:featuredmedia":[{"embeddable":true,"href":"https:\/\/dueceira.pt\/index.php?rest_route=\/wp\/v2\/media\/14015"}],"wp:attachment":[{"href":"https:\/\/dueceira.pt\/index.php?rest_route=%2Fwp%2Fv2%2Fmedia&parent=14014"}],"wp:term":[{"taxonomy":"category","embeddable":true,"href":"https:\/\/dueceira.pt\/index.php?rest_route=%2Fwp%2Fv2%2Fcategories&post=14014"},{"taxonomy":"post_tag","embeddable":true,"href":"https:\/\/dueceira.pt\/index.php?rest_route=%2Fwp%2Fv2%2Ftags&post=14014"}],"curies":[{"name":"wp","href":"https:\/\/api.w.org\/{rel}","templated":true}]}}