{"id":14050,"date":"2020-07-17T18:25:51","date_gmt":"2020-07-17T18:25:51","guid":{"rendered":"http:\/\/dueceira.pt\/?p=14050"},"modified":"2020-07-24T16:01:20","modified_gmt":"2020-07-24T16:01:20","slug":"coeso-emprego-interior","status":"publish","type":"post","link":"https:\/\/dueceira.pt\/?p=14050","title":{"rendered":"+COESO EMPREGO &#8211; INTERIOR e EMPREENDEDORISMO SOCIAL"},"content":{"rendered":"<h4 style=\"line-height: 120%;\"><strong><span style=\"font-family: 'Arial','sans-serif'; color: #333333;\">Est\u00e3o abertas as linhas de financiamento e respectivos avisos do programa +CO3SO EMPREGO.\u00a0<\/span><\/strong><span style=\"font-family: 'Arial','sans-serif'; color: #333333;\"><br \/>\nDe 15 e 20 de Julho a 16 e 18 de Novembro de 2020, respectivamente, est\u00e3o abertas as candidaturas +CO3SO EMPREGO, nos dom\u00ednios INTERIOR e EMPREENDEDORISMO SOCIAL<\/span><\/h4>\n<h4 style=\"line-height: 120%;\"><span style=\"font-family: 'Arial','sans-serif'; color: #333333;\">Os apoios a conceder permitem a comparticipa\u00e7\u00e3o integral dos custos directos com os postos de trabalho criados (incluindo o pr\u00f3prio emprego) englobando a remunera\u00e7\u00e3o base e as despesas contributivas <span style=\"color: #3d3636;\">da<\/span> responsabilidade da entidade empregadora, de\u00a0acordo com os limites fixados na regulamenta\u00e7\u00e3o, durante um per\u00edodo m\u00e1ximo de 36 meses. <\/span><\/h4>\n<h4 style=\"line-height: 120%;\"><span style=\"font-family: 'Arial','sans-serif'; color: #333333;\">Apenas s\u00e3o eleg\u00edveis contratos sem termo.<\/span><\/h4>\n<h4 style=\"line-height: 120%;\"><span style=\"font-family: 'Arial','sans-serif'; color: #333333;\">Sobre estes encargos acresce uma taxa fixa de 40% para financiar outros custos associados \u00e0 cria\u00e7\u00e3o de postos de trabalho.<\/span><\/h4>\n<h4 style=\"line-height: 120%;\"><span style=\"font-family: 'Arial','sans-serif'; color: #333333;\">Podem candidatar-se micro e pequenas empresas e entidades da economia social que desenvolvam actividades com enquadramento nas \u00e1reas de actividade especificadas no concurso para a apresenta\u00e7\u00e3o de candidaturas.<\/span><\/h4>\n<hr \/>\n<h4><span style=\"color: #000080;\">O +COESO Emprego ser\u00e1 implementado pelo GAL DUECEIRA no seu territ\u00f3rio, concelhos de Lous\u00e3, Miranda do Corvo e Vila Nova de Poiares nas seguintes modalidades: <\/span><span style=\"color: #000080;\"><strong>+COESO Emprego Interior | +COESO Emprego Empreendedorismo Social<\/strong><\/span><\/h4>\n<h4><a href=\"https:\/\/dueceira.pt\/?page_id=14025\" target=\"_blank\" rel=\"noopener noreferrer\"><strong>&gt;&gt;&gt; MAIS INFORMA\u00c7\u00c3O +CO3SO EMPREGO &#8211; INTERIOR<\/strong><\/a><\/h4>\n<h4><a href=\"https:\/\/dueceira.pt\/?page_id=14067\" target=\"_blank\" rel=\"noopener noreferrer\"><strong>&gt;&gt;&gt; MAIS INFORMA\u00c7\u00c3O +CO3SO EMPREGO &#8211; EMPREENDORISMO SOCIAL\u00a0<\/strong><\/a><\/h4>\n<h4>&gt;&gt;&gt; Para mais Esclarecimentos: 239 99 52 68 | dueceira@sapo.pt<\/h4>\n<p>&nbsp;<\/p>\n","protected":false},"excerpt":{"rendered":"<p>Est\u00e3o abertas as linhas de financiamento e respectivos avisos do programa +CO3SO EMPREGO.\u00a0 De 15 e 20 de Julho a 16 e 18 de Novembro de 2020, respectivamente, est\u00e3o abertas as candidaturas +CO3SO EMPREGO, nos dom\u00ednios INTERIOR e EMPREENDEDORISMO SOCIAL Os apoios a conceder permitem a comparticipa\u00e7\u00e3o integral dos custos directos com os postos de  [&#8230;]<\/p>\n","protected":false},"author":3,"featured_media":14038,"comment_status":"open","ping_status":"open","sticky":false,"template":"","format":"standard","meta":{"_jetpack_memberships_contains_paid_content":false,"footnotes":""},"categories":[38],"tags":[],"class_list":["post-14050","post","type-post","status-publish","format-standard","has-post-thumbnail","hentry","category-noticias"],"jetpack_featured_media_url":"https:\/\/dueceira.pt\/wp-content\/uploads\/2020\/07\/Logo_CO3SO_v1_e_2-02-scaled.jpg","jetpack_sharing_enabled":true,"_links":{"self":[{"href":"https:\/\/dueceira.pt\/index.php?rest_route=\/wp\/v2\/posts\/14050","targetHints":{"allow":["GET"]}}],"collection":[{"href":"https:\/\/dueceira.pt\/index.php?rest_route=\/wp\/v2\/posts"}],"about":[{"href":"https:\/\/dueceira.pt\/index.php?rest_route=\/wp\/v2\/types\/post"}],"author":[{"embeddable":true,"href":"https:\/\/dueceira.pt\/index.php?rest_route=\/wp\/v2\/users\/3"}],"replies":[{"embeddable":true,"href":"https:\/\/dueceira.pt\/index.php?rest_route=%2Fwp%2Fv2%2Fcomments&post=14050"}],"version-history":[{"count":10,"href":"https:\/\/dueceira.pt\/index.php?rest_route=\/wp\/v2\/posts\/14050\/revisions"}],"predecessor-version":[{"id":14074,"href":"https:\/\/dueceira.pt\/index.php?rest_route=\/wp\/v2\/posts\/14050\/revisions\/14074"}],"wp:featuredmedia":[{"embeddable":true,"href":"https:\/\/dueceira.pt\/index.php?rest_route=\/wp\/v2\/media\/14038"}],"wp:attachment":[{"href":"https:\/\/dueceira.pt\/index.php?rest_route=%2Fwp%2Fv2%2Fmedia&parent=14050"}],"wp:term":[{"taxonomy":"category","embeddable":true,"href":"https:\/\/dueceira.pt\/index.php?rest_route=%2Fwp%2Fv2%2Fcategories&post=14050"},{"taxonomy":"post_tag","embeddable":true,"href":"https:\/\/dueceira.pt\/index.php?rest_route=%2Fwp%2Fv2%2Ftags&post=14050"}],"curies":[{"name":"wp","href":"https:\/\/api.w.org\/{rel}","templated":true}]}}