{"id":14076,"date":"2020-07-28T18:27:44","date_gmt":"2020-07-28T18:27:44","guid":{"rendered":"http:\/\/dueceira.pt\/?p=14076"},"modified":"2020-07-28T18:29:30","modified_gmt":"2020-07-28T18:29:30","slug":"co3so-emprego-sessoes-de-apresentacao","status":"publish","type":"post","link":"https:\/\/dueceira.pt\/?p=14076","title":{"rendered":"+CO3SO EMPREGO &#8211; Sess\u00f5es de Apresenta\u00e7\u00e3o"},"content":{"rendered":"<h4><strong>Sess\u00f5es de Apresenta\u00e7\u00e3o +CO3SO EMPREGO | GAL DUECEIRA<\/strong><\/h4>\n<h2><strong>31 de Julho<\/strong><\/h2>\n<h4><strong>10h00 \u2013 INTERIOR <\/strong>(destinado a Empresas | Empres\u00e1rios | Empreendedores)<\/h4>\n<h4><strong>11h30 \u2013 EMPREENDEDORISMO SOCIAL <\/strong>(destinado a organiza\u00e7\u00f5es: IPSS, Associa\u00e7\u00f5es, Entidades da Economia Social)<\/h4>\n<h4><strong>INSCRI\u00c7\u00d5ES OBRIGAT\u00d3RIAS\u00a0 \u00a0<a href=\"https:\/\/forms.gle\/1JTA3tLBxTfvBwKf7\" target=\"_blank\" rel=\"noopener noreferrer\">https:\/\/forms.gle\/1JTA3tLBxTfvBwKf7<\/a><\/strong><\/h4>\n<hr \/>\n<h4><span style=\"font-family: 'Arial Unicode MS','sans-serif'; color: navy; font-weight: normal; font-style: normal;\">O +COESO Emprego \u00e9 implementado e gerido pelo GAL DUECEIRA no seu territ\u00f3rio para os concelhos de Lous\u00e3, Miranda do Corvo e Vila Nova de Poiares nas seguintes modalidades:\u00a0<\/span><\/h4>\n<h4><strong><span style=\"font-family: 'Arial Unicode MS','sans-serif'; color: navy; font-style: normal;\">+COESO Emprego Interior | +COESO Emprego Empreendedorismo Social<\/span><\/strong><\/h4>\n","protected":false},"excerpt":{"rendered":"<p>Sess\u00f5es de Apresenta\u00e7\u00e3o +CO3SO EMPREGO | GAL DUECEIRA 31 de Julho 10h00 \u2013 INTERIOR (destinado a Empresas | Empres\u00e1rios | Empreendedores) 11h30 \u2013 EMPREENDEDORISMO SOCIAL (destinado a organiza\u00e7\u00f5es: IPSS, Associa\u00e7\u00f5es, Entidades da Economia Social) INSCRI\u00c7\u00d5ES OBRIGAT\u00d3RIAS\u00a0 \u00a0https:\/\/forms.gle\/1JTA3tLBxTfvBwKf7 O +COESO Emprego \u00e9 implementado e gerido pelo GAL DUECEIRA no seu territ\u00f3rio para os concelhos de Lous\u00e3,  [&#8230;]<\/p>\n","protected":false},"author":3,"featured_media":14077,"comment_status":"open","ping_status":"open","sticky":false,"template":"","format":"standard","meta":{"_jetpack_memberships_contains_paid_content":false,"footnotes":""},"categories":[38],"tags":[],"class_list":["post-14076","post","type-post","status-publish","format-standard","has-post-thumbnail","hentry","category-noticias"],"jetpack_featured_media_url":"https:\/\/dueceira.pt\/wp-content\/uploads\/2020\/07\/Sess\u00f5es-DUECEIRA.png","jetpack_sharing_enabled":true,"_links":{"self":[{"href":"https:\/\/dueceira.pt\/index.php?rest_route=\/wp\/v2\/posts\/14076","targetHints":{"allow":["GET"]}}],"collection":[{"href":"https:\/\/dueceira.pt\/index.php?rest_route=\/wp\/v2\/posts"}],"about":[{"href":"https:\/\/dueceira.pt\/index.php?rest_route=\/wp\/v2\/types\/post"}],"author":[{"embeddable":true,"href":"https:\/\/dueceira.pt\/index.php?rest_route=\/wp\/v2\/users\/3"}],"replies":[{"embeddable":true,"href":"https:\/\/dueceira.pt\/index.php?rest_route=%2Fwp%2Fv2%2Fcomments&post=14076"}],"version-history":[{"count":3,"href":"https:\/\/dueceira.pt\/index.php?rest_route=\/wp\/v2\/posts\/14076\/revisions"}],"predecessor-version":[{"id":14080,"href":"https:\/\/dueceira.pt\/index.php?rest_route=\/wp\/v2\/posts\/14076\/revisions\/14080"}],"wp:featuredmedia":[{"embeddable":true,"href":"https:\/\/dueceira.pt\/index.php?rest_route=\/wp\/v2\/media\/14077"}],"wp:attachment":[{"href":"https:\/\/dueceira.pt\/index.php?rest_route=%2Fwp%2Fv2%2Fmedia&parent=14076"}],"wp:term":[{"taxonomy":"category","embeddable":true,"href":"https:\/\/dueceira.pt\/index.php?rest_route=%2Fwp%2Fv2%2Fcategories&post=14076"},{"taxonomy":"post_tag","embeddable":true,"href":"https:\/\/dueceira.pt\/index.php?rest_route=%2Fwp%2Fv2%2Ftags&post=14076"}],"curies":[{"name":"wp","href":"https:\/\/api.w.org\/{rel}","templated":true}]}}