{"id":14203,"date":"2020-09-14T16:56:32","date_gmt":"2020-09-14T16:56:32","guid":{"rendered":"https:\/\/dueceira.pt\/?p=14203"},"modified":"2020-09-14T16:59:55","modified_gmt":"2020-09-14T16:59:55","slug":"co3so-suspensao-do-aviso-centro-40-2020-15","status":"publish","type":"post","link":"https:\/\/dueceira.pt\/?p=14203","title":{"rendered":"+CO3SO &#8211; Suspens\u00e3o do Aviso CENTRO-40-2020-15"},"content":{"rendered":"<table border=\"0\" width=\"100%\" cellspacing=\"0\" cellpadding=\"0\">\n<tbody>\n<tr>\n<td class=\"textoNormal\">\n<h4><span class=\"txtTituloVinho_1\">SUSPENS\u00c3O DO AVISO <\/span>+CO3SO EMPREGO- INTERIOR<\/h4>\n<\/td>\n<\/tr>\n<tr>\n<td class=\"textoNormal\">\n<h4>A Dueceira, em conformidade com a decis\u00e3o da Autoridade de Gest\u00e3o do CENTRO 2020 &#8211; Programa Operacional Regional do Centro\u00a0 e, ao abrigo dos termos definidos no Ponto 15 do Aviso CENTRO-40-2020-15, informa que ser\u00e1 suspensa a recep\u00e7\u00e3o de candidaturas ao mesmo a partir das 18h00m do dia 15 de Setembro de 2020.<\/h4>\n<p><strong><a href=\"https:\/\/dueceira.pt\/wp-content\/uploads\/2020\/09\/edital-2-1.pdf\" target=\"_blank\" rel=\"noopener noreferrer\">Mais informa\u00e7\u00e3o: EDITAL emanado da AG Centro2020<\/a><\/strong><\/td>\n<\/tr>\n<\/tbody>\n<\/table>\n","protected":false},"excerpt":{"rendered":"<p>SUSPENS\u00c3O DO AVISO +CO3SO EMPREGO- INTERIOR A Dueceira, em conformidade com a decis\u00e3o da Autoridade de Gest\u00e3o do CENTRO 2020 &#8211; Programa Operacional Regional do Centro\u00a0 e, ao abrigo dos termos definidos no Ponto 15 do Aviso CENTRO-40-2020-15, informa que ser\u00e1 suspensa a recep\u00e7\u00e3o de candidaturas ao mesmo a partir das 18h00m do dia 15  [&#8230;]<\/p>\n","protected":false},"author":3,"featured_media":14038,"comment_status":"open","ping_status":"open","sticky":false,"template":"","format":"standard","meta":{"_jetpack_memberships_contains_paid_content":false,"footnotes":""},"categories":[38],"tags":[],"class_list":["post-14203","post","type-post","status-publish","format-standard","has-post-thumbnail","hentry","category-noticias"],"jetpack_featured_media_url":"https:\/\/dueceira.pt\/wp-content\/uploads\/2020\/07\/Logo_CO3SO_v1_e_2-02-scaled.jpg","jetpack_sharing_enabled":true,"_links":{"self":[{"href":"https:\/\/dueceira.pt\/index.php?rest_route=\/wp\/v2\/posts\/14203","targetHints":{"allow":["GET"]}}],"collection":[{"href":"https:\/\/dueceira.pt\/index.php?rest_route=\/wp\/v2\/posts"}],"about":[{"href":"https:\/\/dueceira.pt\/index.php?rest_route=\/wp\/v2\/types\/post"}],"author":[{"embeddable":true,"href":"https:\/\/dueceira.pt\/index.php?rest_route=\/wp\/v2\/users\/3"}],"replies":[{"embeddable":true,"href":"https:\/\/dueceira.pt\/index.php?rest_route=%2Fwp%2Fv2%2Fcomments&post=14203"}],"version-history":[{"count":3,"href":"https:\/\/dueceira.pt\/index.php?rest_route=\/wp\/v2\/posts\/14203\/revisions"}],"predecessor-version":[{"id":14207,"href":"https:\/\/dueceira.pt\/index.php?rest_route=\/wp\/v2\/posts\/14203\/revisions\/14207"}],"wp:featuredmedia":[{"embeddable":true,"href":"https:\/\/dueceira.pt\/index.php?rest_route=\/wp\/v2\/media\/14038"}],"wp:attachment":[{"href":"https:\/\/dueceira.pt\/index.php?rest_route=%2Fwp%2Fv2%2Fmedia&parent=14203"}],"wp:term":[{"taxonomy":"category","embeddable":true,"href":"https:\/\/dueceira.pt\/index.php?rest_route=%2Fwp%2Fv2%2Fcategories&post=14203"},{"taxonomy":"post_tag","embeddable":true,"href":"https:\/\/dueceira.pt\/index.php?rest_route=%2Fwp%2Fv2%2Ftags&post=14203"}],"curies":[{"name":"wp","href":"https:\/\/api.w.org\/{rel}","templated":true}]}}