{"id":14221,"date":"2020-09-25T16:24:41","date_gmt":"2020-09-25T16:24:41","guid":{"rendered":"https:\/\/dueceira.pt\/?p=14221"},"modified":"2020-09-25T16:26:59","modified_gmt":"2020-09-25T16:26:59","slug":"prorrogacao-prazo-concurso-operacao-10-216","status":"publish","type":"post","link":"https:\/\/dueceira.pt\/?p=14221","title":{"rendered":"Prorroga\u00e7\u00e3o Prazo Concurso Opera\u00e7\u00e3o 10.216"},"content":{"rendered":"<h4>ATEN\u00c7\u00c3O&#8230; foi prorrogado para <strong>16 de Outubro, pelas 17h30,<\/strong> o prazo para submiss\u00e3o de candidaturas \u00e0 5\u00aa. Fase da Opera\u00e7\u00e3o 10.216 &#8211; Renova\u00e7\u00e3o de Aldeias respeitante ao An\u00fancio 005\/DUECEIRA\/10.216\/2020 do GAL DUECEIRA, para os concelhos de Lous\u00e3, Miranda do Corvo e Vila Nova de Poiares.<\/h4>\n<h4><strong><a href=\"https:\/\/dueceira.pt\/?page_id=12841\" target=\"_blank\" rel=\"noopener noreferrer\">Mais informa\u00e7\u00e3o<\/a><\/strong><\/h4>\n","protected":false},"excerpt":{"rendered":"<p>ATEN\u00c7\u00c3O&#8230; foi prorrogado para 16 de Outubro, pelas 17h30, o prazo para submiss\u00e3o de candidaturas \u00e0 5\u00aa. Fase da Opera\u00e7\u00e3o 10.216 &#8211; Renova\u00e7\u00e3o de Aldeias respeitante ao An\u00fancio 005\/DUECEIRA\/10.216\/2020 do GAL DUECEIRA, para os concelhos de Lous\u00e3, Miranda do Corvo e Vila Nova de Poiares. Mais informa\u00e7\u00e3o<\/p>\n","protected":false},"author":3,"featured_media":14222,"comment_status":"open","ping_status":"open","sticky":false,"template":"","format":"standard","meta":{"_jetpack_memberships_contains_paid_content":false,"footnotes":""},"categories":[38],"tags":[],"class_list":["post-14221","post","type-post","status-publish","format-standard","has-post-thumbnail","hentry","category-noticias"],"jetpack_featured_media_url":"https:\/\/dueceira.pt\/wp-content\/uploads\/2020\/09\/Cartaz-10.216-prorrogacao.png","jetpack_sharing_enabled":true,"_links":{"self":[{"href":"https:\/\/dueceira.pt\/index.php?rest_route=\/wp\/v2\/posts\/14221","targetHints":{"allow":["GET"]}}],"collection":[{"href":"https:\/\/dueceira.pt\/index.php?rest_route=\/wp\/v2\/posts"}],"about":[{"href":"https:\/\/dueceira.pt\/index.php?rest_route=\/wp\/v2\/types\/post"}],"author":[{"embeddable":true,"href":"https:\/\/dueceira.pt\/index.php?rest_route=\/wp\/v2\/users\/3"}],"replies":[{"embeddable":true,"href":"https:\/\/dueceira.pt\/index.php?rest_route=%2Fwp%2Fv2%2Fcomments&post=14221"}],"version-history":[{"count":4,"href":"https:\/\/dueceira.pt\/index.php?rest_route=\/wp\/v2\/posts\/14221\/revisions"}],"predecessor-version":[{"id":14226,"href":"https:\/\/dueceira.pt\/index.php?rest_route=\/wp\/v2\/posts\/14221\/revisions\/14226"}],"wp:featuredmedia":[{"embeddable":true,"href":"https:\/\/dueceira.pt\/index.php?rest_route=\/wp\/v2\/media\/14222"}],"wp:attachment":[{"href":"https:\/\/dueceira.pt\/index.php?rest_route=%2Fwp%2Fv2%2Fmedia&parent=14221"}],"wp:term":[{"taxonomy":"category","embeddable":true,"href":"https:\/\/dueceira.pt\/index.php?rest_route=%2Fwp%2Fv2%2Fcategories&post=14221"},{"taxonomy":"post_tag","embeddable":true,"href":"https:\/\/dueceira.pt\/index.php?rest_route=%2Fwp%2Fv2%2Ftags&post=14221"}],"curies":[{"name":"wp","href":"https:\/\/api.w.org\/{rel}","templated":true}]}}