{"id":14264,"date":"2021-03-24T12:05:54","date_gmt":"2021-03-24T12:05:54","guid":{"rendered":"https:\/\/dueceira.pt\/?p=14264"},"modified":"2021-03-24T12:09:24","modified_gmt":"2021-03-24T12:09:24","slug":"parabens-leader-30-anos-1991-2021","status":"publish","type":"post","link":"https:\/\/dueceira.pt\/?p=14264","title":{"rendered":"Parab\u00e9ns LEADER! (*) 30 anos 1991-2021"},"content":{"rendered":"<h3><strong>Parab\u00e9ns LEADER (*)! 30 anos 1991-2021<\/strong><\/h3>\n<h4>(*) H\u00e1 acr\u00f3nimos que ganham vida pr\u00f3pria, neste caso vale a pena relembrar\u00a0<strong>LEADER<\/strong>&#8211;\u00a0<strong>L<\/strong>iga\u00e7\u00e3o\u00a0<strong>E<\/strong>ntre\u00a0<strong>A<\/strong>\u00e7\u00f5es de\u00a0<strong>D<\/strong>esenvolvimento da\u00a0<strong>E<\/strong>conomia\u00a0<strong>R<\/strong>ural<\/h4>\n<h4>H\u00e1 30 anos, com a aprova\u00e7\u00e3o pela Comiss\u00e3o das Comunidades Europeias (publica\u00e7\u00e3o a 19 de mar\u00e7o de 1991) de uma \u201ciniciativa, com valor demonstrativo, relativa ao desenvolvimento rural\u201d, denominada LEADER, iniciou-se uma transforma\u00e7\u00e3o societal nos territ\u00f3rios rurais da Europa, que j\u00e1 saltou fronteiras e \u00e9 uma marca associada \u00e0 qualidade de vida, \u00e0 dignidade, \u00e0 equidade e \u00e0 democracia nas zonas rurais.<\/h4>\n<h4>Para celebrar esta data, a Federa\u00e7\u00e3o Minha Terra e os Grupos de A\u00e7\u00e3o Local (de que \u00e9 exemplo a AD ELO) ir\u00e3o organizar durante o ano de 2021 um conjunto de iniciativas de reflex\u00e3o e partilha sobre o Desenvolvimento Local em Portugal e preparar os pr\u00f3ximos 30 anos do LEADER.<\/h4>\n<h4><strong>Porqu\u00ea?<\/strong><\/h4>\n<h4><strong>Porque acreditamos no LEADER!<\/strong><\/h4>\n<ul>\n<li>\n<h4>Enquanto abordagem diferenciadora que deve estimular a conce\u00e7\u00e3o e implementa\u00e7\u00e3o de projetos-piloto, o car\u00e1ter inovador e demonstrativo, a integra\u00e7\u00e3o dos agentes e a governan\u00e7a local;<\/h4>\n<\/li>\n<li>\n<h4>Como forma exemplar de proximidade \u00e0s comunidades; como m\u00e9todo de envolvimento eficaz, conjugando interesses, anseios e expetativas locais; como as interven\u00e7\u00f5es que, mesmo com dificuldades de implementa\u00e7\u00e3o e crises conjunturais, permite aprendizagem constante e afeto territorial;<\/h4>\n<\/li>\n<li>\n<h4>Quando observamos projetos que, com co-financiamentos reduzidos, criam emprego e dinamizam as economias locais nos mais diversos setores de atividade, suportam coletividades nas suas m\u00faltiplas a\u00e7\u00f5es a favor das comunidades, que revitalizam aldeias e vilas, qualificam espa\u00e7os de encontro e de mem\u00f3rias locais;<\/h4>\n<\/li>\n<li>\n<h4>E nas suas redes de liga\u00e7\u00e3o, de trabalho e de partilha de experi\u00eancias, que se traduzem em iniciativas concretizadas em coopera\u00e7\u00e3o e parceria com outros territ\u00f3rios e organiza\u00e7\u00f5es, promovendo ganhos de escala e\/ou complementaridades, mas tamb\u00e9m afetos, amizades e compreens\u00e3o e toler\u00e2ncia com a diferen\u00e7a;<\/h4>\n<\/li>\n<li>\n<h4>Como metodologia que se refor\u00e7a, se renova e se recria e que, como tal, nos lan\u00e7a permanentemente novos desafios como os dos impasses program\u00e1ticos, dos afunilamentos regulamentares, das perspetivas setorializadas, que limitaram a criatividade e inova\u00e7\u00e3o das comunidades e nos territ\u00f3rios.<\/h4>\n<\/li>\n<\/ul>\n<h4><strong>30 anos volvidos continuamos a acreditar no LEADER<\/strong>\u00a0\u2013 com a maturidade e experi\u00eancia que o tempo e a\u00e7\u00e3o nos foi conferindo \u2013 centrado e pr\u00f3ximo das\u00a0<strong>PESSOAS<\/strong>\u00a0e das\u00a0<strong>COMUNIDADES<\/strong>, a trabalhar para o Desenvolvimento dos\u00a0<strong>TERRIT\u00d3RIOS<\/strong>.<\/h4>\n<hr \/>\n<p>Para sinalizar esta comemora\u00e7\u00e3o, partilhamos um log\u00f3tipo comemorativo \u2018LEADER 30 anos PORTUGAL\u2019:<\/p>\n<p><em>\u201cCriado pela designer Margarida Cardoso com suporte na imagem inicial e oficial do Programa de Iniciativa Comunit\u00e1ria LEADER, o logotipo mant\u00e9m proximidade \u00e0 paleta de cores primitiva, mas conferindo mais vigor e brilho ao amarelo que simboliza o sol que fertiliza o solo; incorpora a semente a germinar original, que evolui para os ramos que representam as \u00e1rvores que, entretanto, cresceram e frutificaram, numa alus\u00e3o metaf\u00f3rica ao desenvolvimento dos territ\u00f3rios. As datas constituem refer\u00eancia ao marco hist\u00f3rico que este ano se celebra tamb\u00e9m em Portugal, um dos 12 pa\u00edses onde o LEADER come\u00e7ou em 1991.\u201d<\/em><\/p>\n<hr \/>\n<p>MINHA TERRA &#8211; Federa\u00e7\u00e3o Portuguesa de Associa\u00e7\u00f5es de Desenvolvimento Local<\/p>\n<p>DUECEIRA, Lous\u00e3, 19 de mar\u00e7o de 2021<\/p>\n","protected":false},"excerpt":{"rendered":"<p>Parab\u00e9ns LEADER (*)! 30 anos 1991-2021 (*) H\u00e1 acr\u00f3nimos que ganham vida pr\u00f3pria, neste caso vale a pena relembrar\u00a0LEADER&#8211;\u00a0Liga\u00e7\u00e3o\u00a0Entre\u00a0A\u00e7\u00f5es de\u00a0Desenvolvimento da\u00a0Economia\u00a0Rural H\u00e1 30 anos, com a aprova\u00e7\u00e3o pela Comiss\u00e3o das Comunidades Europeias (publica\u00e7\u00e3o a 19 de mar\u00e7o de 1991) de uma \u201ciniciativa, com valor demonstrativo, relativa ao desenvolvimento rural\u201d, denominada LEADER, iniciou-se uma transforma\u00e7\u00e3o societal  [&#8230;]<\/p>\n","protected":false},"author":3,"featured_media":14265,"comment_status":"open","ping_status":"open","sticky":false,"template":"","format":"standard","meta":{"_jetpack_memberships_contains_paid_content":false,"footnotes":""},"categories":[38],"tags":[48,46,47],"class_list":["post-14264","post","type-post","status-publish","format-standard","has-post-thumbnail","hentry","category-noticias","tag-30anosleaderemportugal","tag-leader","tag-noticias"],"jetpack_featured_media_url":"https:\/\/dueceira.pt\/wp-content\/uploads\/2021\/03\/logo-leader.png","jetpack_sharing_enabled":true,"_links":{"self":[{"href":"https:\/\/dueceira.pt\/index.php?rest_route=\/wp\/v2\/posts\/14264","targetHints":{"allow":["GET"]}}],"collection":[{"href":"https:\/\/dueceira.pt\/index.php?rest_route=\/wp\/v2\/posts"}],"about":[{"href":"https:\/\/dueceira.pt\/index.php?rest_route=\/wp\/v2\/types\/post"}],"author":[{"embeddable":true,"href":"https:\/\/dueceira.pt\/index.php?rest_route=\/wp\/v2\/users\/3"}],"replies":[{"embeddable":true,"href":"https:\/\/dueceira.pt\/index.php?rest_route=%2Fwp%2Fv2%2Fcomments&post=14264"}],"version-history":[{"count":3,"href":"https:\/\/dueceira.pt\/index.php?rest_route=\/wp\/v2\/posts\/14264\/revisions"}],"predecessor-version":[{"id":14268,"href":"https:\/\/dueceira.pt\/index.php?rest_route=\/wp\/v2\/posts\/14264\/revisions\/14268"}],"wp:featuredmedia":[{"embeddable":true,"href":"https:\/\/dueceira.pt\/index.php?rest_route=\/wp\/v2\/media\/14265"}],"wp:attachment":[{"href":"https:\/\/dueceira.pt\/index.php?rest_route=%2Fwp%2Fv2%2Fmedia&parent=14264"}],"wp:term":[{"taxonomy":"category","embeddable":true,"href":"https:\/\/dueceira.pt\/index.php?rest_route=%2Fwp%2Fv2%2Fcategories&post=14264"},{"taxonomy":"post_tag","embeddable":true,"href":"https:\/\/dueceira.pt\/index.php?rest_route=%2Fwp%2Fv2%2Ftags&post=14264"}],"curies":[{"name":"wp","href":"https:\/\/api.w.org\/{rel}","templated":true}]}}