{"id":14367,"date":"2021-10-16T08:49:51","date_gmt":"2021-10-16T08:49:51","guid":{"rendered":"https:\/\/dueceira.pt\/?p=14367"},"modified":"2021-10-16T08:54:28","modified_gmt":"2021-10-16T08:54:28","slug":"concurso-a-decorrer-operacao-10-212-sector-do-vinho","status":"publish","type":"post","link":"https:\/\/dueceira.pt\/?p=14367","title":{"rendered":"Concurso a decorrer: Opera\u00e7\u00e3o 10.212 &#8211; Sector do Vinho"},"content":{"rendered":"<h3 class=\"entry-title fusion-post-title fusion-responsive-typography-calculated\" data-fontsize=\"18\" data-lineheight=\"14.94px\">Opera\u00e7\u00e3o 10.212 \u2013 PEQUENOS INVESTIMENTOS DE TRANSFORMA\u00c7\u00c3O E COMERCIALIZA\u00c7\u00c3O DE PRODUTOS AGR\u00cdCOLAS<\/h3>\n<h3><strong>Sector do VINHO &#8211; Apoio \u00e0 Capacidade de Armazenagem<\/strong><\/h3>\n<hr \/>\n<div class=\"post-content\">\n<div class=\"post-content\">\n<h3 class=\"entry-title fusion-post-title fusion-responsive-typography-calculated\" data-fontsize=\"16\" data-lineheight=\"10.08px\">5\u00ba. An\u00fancio \u2013 Concurso Aberto at\u00e9 12 de Novembro<\/h3>\n<div class=\"fusion-post-content-container\">\n<h4 class=\"fusion-responsive-typography-calculated\" data-fontsize=\"16\" data-lineheight=\"20px\">Abertura de Concurso GAL DUECEIRA \u2013 Opera\u00e7\u00e3o 10.212 &#8211; Pequenos Investimentos de Transforma\u00e7\u00e3o e Comercializa\u00e7\u00e3o de Produtos Agr\u00edcolas<br \/>\nSubmiss\u00e3o de Candidaturas entre 12 de Outubro e 12 de Novembro de 2021<br \/>\nMarca\u00e7\u00e3o de reuni\u00f5es presenciais, informa\u00e7\u00f5es e esclarecimentos atrav\u00e9s do T: 239 995268 ou E: dueceira@sapo.pt<\/h4>\n<h4 class=\"fusion-responsive-typography-calculated\" data-fontsize=\"16\" data-lineheight=\"20px\">&gt;&gt;&gt;\u00a0<a href=\"https:\/\/dueceira.pt\/?page_id=12513\" target=\"_blank\" rel=\"noopener\">MAIS INFORMA\u00c7\u00c3O<\/a><\/h4>\n<\/div>\n<\/div>\n<\/div>\n","protected":false},"excerpt":{"rendered":"<p>Opera\u00e7\u00e3o 10.212 \u2013 PEQUENOS INVESTIMENTOS DE TRANSFORMA\u00c7\u00c3O E COMERCIALIZA\u00c7\u00c3O DE PRODUTOS AGR\u00cdCOLAS Sector do VINHO &#8211; Apoio \u00e0 Capacidade de Armazenagem 5\u00ba. An\u00fancio \u2013 Concurso Aberto at\u00e9 12 de Novembro Abertura de Concurso GAL DUECEIRA \u2013 Opera\u00e7\u00e3o 10.212 &#8211; Pequenos Investimentos de Transforma\u00e7\u00e3o e Comercializa\u00e7\u00e3o de Produtos Agr\u00edcolas Submiss\u00e3o de Candidaturas entre 12 de Outubro  [&#8230;]<\/p>\n","protected":false},"author":3,"featured_media":14371,"comment_status":"open","ping_status":"open","sticky":false,"template":"","format":"standard","meta":{"_jetpack_memberships_contains_paid_content":false,"footnotes":""},"categories":[38],"tags":[],"class_list":["post-14367","post","type-post","status-publish","format-standard","has-post-thumbnail","hentry","category-noticias"],"jetpack_featured_media_url":"https:\/\/dueceira.pt\/wp-content\/uploads\/2021\/10\/Cartaz-10.212.png","jetpack_sharing_enabled":true,"_links":{"self":[{"href":"https:\/\/dueceira.pt\/index.php?rest_route=\/wp\/v2\/posts\/14367","targetHints":{"allow":["GET"]}}],"collection":[{"href":"https:\/\/dueceira.pt\/index.php?rest_route=\/wp\/v2\/posts"}],"about":[{"href":"https:\/\/dueceira.pt\/index.php?rest_route=\/wp\/v2\/types\/post"}],"author":[{"embeddable":true,"href":"https:\/\/dueceira.pt\/index.php?rest_route=\/wp\/v2\/users\/3"}],"replies":[{"embeddable":true,"href":"https:\/\/dueceira.pt\/index.php?rest_route=%2Fwp%2Fv2%2Fcomments&post=14367"}],"version-history":[{"count":3,"href":"https:\/\/dueceira.pt\/index.php?rest_route=\/wp\/v2\/posts\/14367\/revisions"}],"predecessor-version":[{"id":14372,"href":"https:\/\/dueceira.pt\/index.php?rest_route=\/wp\/v2\/posts\/14367\/revisions\/14372"}],"wp:featuredmedia":[{"embeddable":true,"href":"https:\/\/dueceira.pt\/index.php?rest_route=\/wp\/v2\/media\/14371"}],"wp:attachment":[{"href":"https:\/\/dueceira.pt\/index.php?rest_route=%2Fwp%2Fv2%2Fmedia&parent=14367"}],"wp:term":[{"taxonomy":"category","embeddable":true,"href":"https:\/\/dueceira.pt\/index.php?rest_route=%2Fwp%2Fv2%2Fcategories&post=14367"},{"taxonomy":"post_tag","embeddable":true,"href":"https:\/\/dueceira.pt\/index.php?rest_route=%2Fwp%2Fv2%2Ftags&post=14367"}],"curies":[{"name":"wp","href":"https:\/\/api.w.org\/{rel}","templated":true}]}}