{"id":14383,"date":"2021-10-16T09:21:50","date_gmt":"2021-10-16T09:21:50","guid":{"rendered":"https:\/\/dueceira.pt\/?p=14383"},"modified":"2022-01-17T10:42:48","modified_gmt":"2022-01-17T10:42:48","slug":"circuito-intertrail-terras-da-chanfana","status":"publish","type":"post","link":"https:\/\/dueceira.pt\/?p=14383","title":{"rendered":"Circuito InterTrail TERRAS DA CHANFANA"},"content":{"rendered":"<h4 class=\"fusion-responsive-typography-calculated\" data-fontsize=\"16\" data-lineheight=\"20px\"><strong>O Circuito Terras da Chanfana<\/strong> \u00e9 um evento que decorre no 1\u00ba. semestre de 2022 sob a chancela da Dueceira \u2013 Associa\u00e7\u00e3o de Desenvolvimento do Ceira e Due\u00e7a, com a parceria da Associa\u00e7\u00e3o Abutrica (Miranda do Corvo), Montanha Clube (Lous\u00e3), Associa\u00e7\u00e3o Infante Dom Pedro (Penela) e ARSM \u2013 Associa\u00e7\u00e3o Recreativa de S. Miguel (Vila Nova de Poiares). Insere-se no \u00e2mbito do projecto &#8220;trilhos da natureza da Serra da Lous\u00e3&#8221;, apoiado pelo Provere INature- Turismo Sustent\u00e1vel em \u00c1reas Classificadas \/ Centro2020.<\/h4>\n<p><a href=\"https:\/\/dueceira.pt\/?page_id=14373\" target=\"_blank\" rel=\"noopener\"><strong>&gt;&gt;&gt; MAIS INFORMA\u00c7\u00c3O\/REGULAMENTO<\/strong><\/a><\/p>\n","protected":false},"excerpt":{"rendered":"<p>O Circuito Terras da Chanfana \u00e9 um evento que decorre no 1\u00ba. semestre de 2022 sob a chancela da Dueceira \u2013 Associa\u00e7\u00e3o de Desenvolvimento do Ceira e Due\u00e7a, com a parceria da Associa\u00e7\u00e3o Abutrica (Miranda do Corvo), Montanha Clube (Lous\u00e3), Associa\u00e7\u00e3o Infante Dom Pedro (Penela) e ARSM \u2013 Associa\u00e7\u00e3o Recreativa de S. Miguel (Vila Nova  [&#8230;]<\/p>\n","protected":false},"author":3,"featured_media":14376,"comment_status":"open","ping_status":"open","sticky":false,"template":"","format":"standard","meta":{"_jetpack_memberships_contains_paid_content":false,"footnotes":""},"categories":[38],"tags":[],"class_list":["post-14383","post","type-post","status-publish","format-standard","has-post-thumbnail","hentry","category-noticias"],"jetpack_featured_media_url":"https:\/\/dueceira.pt\/wp-content\/uploads\/2021\/10\/Cromo-Intertrail.png","jetpack_sharing_enabled":true,"_links":{"self":[{"href":"https:\/\/dueceira.pt\/index.php?rest_route=\/wp\/v2\/posts\/14383","targetHints":{"allow":["GET"]}}],"collection":[{"href":"https:\/\/dueceira.pt\/index.php?rest_route=\/wp\/v2\/posts"}],"about":[{"href":"https:\/\/dueceira.pt\/index.php?rest_route=\/wp\/v2\/types\/post"}],"author":[{"embeddable":true,"href":"https:\/\/dueceira.pt\/index.php?rest_route=\/wp\/v2\/users\/3"}],"replies":[{"embeddable":true,"href":"https:\/\/dueceira.pt\/index.php?rest_route=%2Fwp%2Fv2%2Fcomments&post=14383"}],"version-history":[{"count":2,"href":"https:\/\/dueceira.pt\/index.php?rest_route=\/wp\/v2\/posts\/14383\/revisions"}],"predecessor-version":[{"id":14470,"href":"https:\/\/dueceira.pt\/index.php?rest_route=\/wp\/v2\/posts\/14383\/revisions\/14470"}],"wp:featuredmedia":[{"embeddable":true,"href":"https:\/\/dueceira.pt\/index.php?rest_route=\/wp\/v2\/media\/14376"}],"wp:attachment":[{"href":"https:\/\/dueceira.pt\/index.php?rest_route=%2Fwp%2Fv2%2Fmedia&parent=14383"}],"wp:term":[{"taxonomy":"category","embeddable":true,"href":"https:\/\/dueceira.pt\/index.php?rest_route=%2Fwp%2Fv2%2Fcategories&post=14383"},{"taxonomy":"post_tag","embeddable":true,"href":"https:\/\/dueceira.pt\/index.php?rest_route=%2Fwp%2Fv2%2Ftags&post=14383"}],"curies":[{"name":"wp","href":"https:\/\/api.w.org\/{rel}","templated":true}]}}