{"id":14434,"date":"2021-12-03T15:21:51","date_gmt":"2021-12-03T15:21:51","guid":{"rendered":"https:\/\/dueceira.pt\/?p=14434"},"modified":"2021-12-03T15:44:59","modified_gmt":"2021-12-03T15:44:59","slug":"minha-terra-comunicado-de-imprensa-01-12-2021","status":"publish","type":"post","link":"https:\/\/dueceira.pt\/?p=14434","title":{"rendered":"MINHA TERRA &#8211; Comunicado de Imprensa 01.12.2021"},"content":{"rendered":"<h4><strong>A Federa\u00e7\u00e3o Minha Terra* n\u00e3o compreende o desinvestimento nos Territ\u00f3rios Rurais subjacente ao Acordo de Parceria Portugal 2030 <\/strong><\/h4>\n<h4><strong>e reivindica integra\u00e7\u00e3o do DLBC nas Abordagens Territoriais para o per\u00edodo 2021-2027<\/strong><\/h4>\n<p><strong><a href=\"https:\/\/dueceira.pt\/wp-content\/uploads\/2021\/12\/PDF-Comunicado-FMT-12.2021.pdf\">&gt;&gt;&gt;MAIS INFORMA\u00c7\u00c3O<\/a><\/strong><\/p>\n<p>&nbsp;<\/p>\n<p>&nbsp;<\/p>\n<p>(*) a Dueceira assumiu a presid\u00eancia da Federa\u00e7\u00e3o Minha Terra a 01.11.2021<\/p>\n","protected":false},"excerpt":{"rendered":"<p>A Federa\u00e7\u00e3o Minha Terra* n\u00e3o compreende o desinvestimento nos Territ\u00f3rios Rurais subjacente ao Acordo de Parceria Portugal 2030 e reivindica integra\u00e7\u00e3o do DLBC nas Abordagens Territoriais para o per\u00edodo 2021-2027 &gt;&gt;&gt;MAIS INFORMA\u00c7\u00c3O &nbsp; &nbsp; (*) a Dueceira assumiu a presid\u00eancia da Federa\u00e7\u00e3o Minha Terra a 01.11.2021<\/p>\n","protected":false},"author":3,"featured_media":14436,"comment_status":"open","ping_status":"open","sticky":false,"template":"","format":"standard","meta":{"_jetpack_memberships_contains_paid_content":false,"footnotes":""},"categories":[38],"tags":[],"class_list":["post-14434","post","type-post","status-publish","format-standard","has-post-thumbnail","hentry","category-noticias"],"jetpack_featured_media_url":"https:\/\/dueceira.pt\/wp-content\/uploads\/2021\/12\/MINHA-1.jpg","jetpack_sharing_enabled":true,"_links":{"self":[{"href":"https:\/\/dueceira.pt\/index.php?rest_route=\/wp\/v2\/posts\/14434","targetHints":{"allow":["GET"]}}],"collection":[{"href":"https:\/\/dueceira.pt\/index.php?rest_route=\/wp\/v2\/posts"}],"about":[{"href":"https:\/\/dueceira.pt\/index.php?rest_route=\/wp\/v2\/types\/post"}],"author":[{"embeddable":true,"href":"https:\/\/dueceira.pt\/index.php?rest_route=\/wp\/v2\/users\/3"}],"replies":[{"embeddable":true,"href":"https:\/\/dueceira.pt\/index.php?rest_route=%2Fwp%2Fv2%2Fcomments&post=14434"}],"version-history":[{"count":4,"href":"https:\/\/dueceira.pt\/index.php?rest_route=\/wp\/v2\/posts\/14434\/revisions"}],"predecessor-version":[{"id":14440,"href":"https:\/\/dueceira.pt\/index.php?rest_route=\/wp\/v2\/posts\/14434\/revisions\/14440"}],"wp:featuredmedia":[{"embeddable":true,"href":"https:\/\/dueceira.pt\/index.php?rest_route=\/wp\/v2\/media\/14436"}],"wp:attachment":[{"href":"https:\/\/dueceira.pt\/index.php?rest_route=%2Fwp%2Fv2%2Fmedia&parent=14434"}],"wp:term":[{"taxonomy":"category","embeddable":true,"href":"https:\/\/dueceira.pt\/index.php?rest_route=%2Fwp%2Fv2%2Fcategories&post=14434"},{"taxonomy":"post_tag","embeddable":true,"href":"https:\/\/dueceira.pt\/index.php?rest_route=%2Fwp%2Fv2%2Ftags&post=14434"}],"curies":[{"name":"wp","href":"https:\/\/api.w.org\/{rel}","templated":true}]}}