{"id":14527,"date":"2022-05-04T13:44:44","date_gmt":"2022-05-04T13:44:44","guid":{"rendered":"https:\/\/dueceira.pt\/?p=14527"},"modified":"2022-05-04T13:47:35","modified_gmt":"2022-05-04T13:47:35","slug":"4a-prova-do-circuito-inter-trail-terras-da-chanfana","status":"publish","type":"post","link":"https:\/\/dueceira.pt\/?p=14527","title":{"rendered":"4\u00aa. Prova do Circuito Inter Trail Terras da Chanfana"},"content":{"rendered":"<h4>Decorre a 05 de Junho a 4\u00ba. Prova do Circuito Inter Trail Terras da Chanfana.<\/h4>\n<h4>Este Circuito \u00e9 organizado e realizado sob a \u00e9gide da Dueceira no \u00e2mbito do projecto &#8220;Trilhos da Natureza da Serra da Lous\u00e3&#8221; apoiado pela EEC Provere INature &#8211; Turismo Sustent\u00e1vel em Zonas Classificadas e co-financiado pelo Centro2020 &#8211; Programa Operacional Regional do Centro.<\/h4>\n","protected":false},"excerpt":{"rendered":"<p>Decorre a 05 de Junho a 4\u00ba. Prova do Circuito Inter Trail Terras da Chanfana. Este Circuito \u00e9 organizado e realizado sob a \u00e9gide da Dueceira no \u00e2mbito do projecto &#8220;Trilhos da Natureza da Serra da Lous\u00e3&#8221; apoiado pela EEC Provere INature &#8211; Turismo Sustent\u00e1vel em Zonas Classificadas e co-financiado pelo Centro2020 &#8211; Programa Operacional  [&#8230;]<\/p>\n","protected":false},"author":3,"featured_media":14529,"comment_status":"open","ping_status":"open","sticky":false,"template":"","format":"standard","meta":{"_jetpack_memberships_contains_paid_content":false,"footnotes":""},"categories":[1,38],"tags":[],"class_list":["post-14527","post","type-post","status-publish","format-standard","has-post-thumbnail","hentry","category-dueceira","category-noticias"],"jetpack_featured_media_url":"https:\/\/dueceira.pt\/wp-content\/uploads\/2022\/05\/Cartaz-TC-3-versao-padrao.png","jetpack_sharing_enabled":true,"_links":{"self":[{"href":"https:\/\/dueceira.pt\/index.php?rest_route=\/wp\/v2\/posts\/14527","targetHints":{"allow":["GET"]}}],"collection":[{"href":"https:\/\/dueceira.pt\/index.php?rest_route=\/wp\/v2\/posts"}],"about":[{"href":"https:\/\/dueceira.pt\/index.php?rest_route=\/wp\/v2\/types\/post"}],"author":[{"embeddable":true,"href":"https:\/\/dueceira.pt\/index.php?rest_route=\/wp\/v2\/users\/3"}],"replies":[{"embeddable":true,"href":"https:\/\/dueceira.pt\/index.php?rest_route=%2Fwp%2Fv2%2Fcomments&post=14527"}],"version-history":[{"count":2,"href":"https:\/\/dueceira.pt\/index.php?rest_route=\/wp\/v2\/posts\/14527\/revisions"}],"predecessor-version":[{"id":14531,"href":"https:\/\/dueceira.pt\/index.php?rest_route=\/wp\/v2\/posts\/14527\/revisions\/14531"}],"wp:featuredmedia":[{"embeddable":true,"href":"https:\/\/dueceira.pt\/index.php?rest_route=\/wp\/v2\/media\/14529"}],"wp:attachment":[{"href":"https:\/\/dueceira.pt\/index.php?rest_route=%2Fwp%2Fv2%2Fmedia&parent=14527"}],"wp:term":[{"taxonomy":"category","embeddable":true,"href":"https:\/\/dueceira.pt\/index.php?rest_route=%2Fwp%2Fv2%2Fcategories&post=14527"},{"taxonomy":"post_tag","embeddable":true,"href":"https:\/\/dueceira.pt\/index.php?rest_route=%2Fwp%2Fv2%2Ftags&post=14527"}],"curies":[{"name":"wp","href":"https:\/\/api.w.org\/{rel}","templated":true}]}}