{"id":14665,"date":"2022-11-24T17:15:32","date_gmt":"2022-11-24T17:15:32","guid":{"rendered":"https:\/\/dueceira.pt\/?p=14665"},"modified":"2022-11-24T17:17:22","modified_gmt":"2022-11-24T17:17:22","slug":"encontros-da-diaspora-2022","status":"publish","type":"post","link":"https:\/\/dueceira.pt\/?p=14665","title":{"rendered":"ENCONTROS DA DI\u00c1SPORA 2022"},"content":{"rendered":"<h4>Os ENCONTROS PNAID 2022 ir\u00e3o decorrer em formato presencial de 15 a 17 de dezembro em F\u00e1tima.<\/h4>\n<h4>Enquadrados no PNAID &#8211; Programa Nacional de Apoio ao Investimento da Di\u00e1spora, os Encontros s\u00e3o uma iniciativa conjunta do Secret\u00e1rio de Estado das Comunidades Portuguesas e da Secret\u00e1ria de Estado do Desenvolvimento Regional.<\/h4>\n<h4>Esta edi\u00e7\u00e3o \u00e9 organizada pelo Munic\u00edpio de Our\u00e9m e Comunidade Intermunicipal do M\u00e9dio Tejo, em parceria com a Comiss\u00e3o de Coordena\u00e7\u00e3o e Desenvolvimento Regional do Centro.<\/h4>\n<h4>O programa inicia com uma recep\u00e7\u00e3o de boas-vindas ao final do dia 15 e, para al\u00e9m das sess\u00f5es plen\u00e1rias centradas no quadro 2030, de sess\u00f5es de apresenta\u00e7\u00e3o de ideias, projectos e solu\u00e7\u00f5es de investimento, ser\u00e3o ainda promovidas sess\u00f5es tem\u00e1ticas paralelas com enfoque nos temas Agricultura e Agroalimentar; Ind\u00fastria 4.0 e Produ\u00e7\u00e3o Avan\u00e7ada; Turismo e Sustentabilidade; Mar e Economia Azul; Digital e Sa\u00fade; Ideias e Neg\u00f3cios nos Territ\u00f3rios do Interior.<\/h4>\n<h4>As mesas redondas, sess\u00f5es din\u00e2micas de networking e visitas a empresas do M\u00e9dio Tejo ser\u00e3o outros dos t\u00f3picos do programa.<\/h4>\n<h4>Trata-se de um momento para conhecer as prioridades pol\u00edticas, as oportunidades de investimento, empresas nacionais interessadas em exportar e outros investidores da di\u00e1spora.<\/h4>\n<h4>O programa e inscri\u00e7\u00e3o encontra-se em <a href=\"http:\/\/www.encontrosdiaspora.pt\">www.encontrosdiaspora.pt<\/a> .<\/h4>\n<h4>A participa\u00e7\u00e3o \u00e9 gratuita, mas os lugares limitados.<\/h4>\n<blockquote>\n<h4><strong><a href=\"https:\/\/dueceira.pt\/?page_id=14662\">&gt;&gt; Mais informa\u00e7\u00e3o<\/a>\u00a0<\/strong><\/h4>\n<\/blockquote>\n<p>&nbsp;<\/p>\n","protected":false},"excerpt":{"rendered":"<p>Os ENCONTROS PNAID 2022 ir\u00e3o decorrer em formato presencial de 15 a 17 de dezembro em F\u00e1tima. Enquadrados no PNAID &#8211; Programa Nacional de Apoio ao Investimento da Di\u00e1spora, os Encontros s\u00e3o uma iniciativa conjunta do Secret\u00e1rio de Estado das Comunidades Portuguesas e da Secret\u00e1ria de Estado do Desenvolvimento Regional. Esta edi\u00e7\u00e3o \u00e9 organizada pelo  [&#8230;]<\/p>\n","protected":false},"author":3,"featured_media":0,"comment_status":"open","ping_status":"open","sticky":false,"template":"","format":"standard","meta":{"_jetpack_memberships_contains_paid_content":false,"footnotes":""},"categories":[38],"tags":[],"class_list":["post-14665","post","type-post","status-publish","format-standard","hentry","category-noticias"],"jetpack_featured_media_url":"","jetpack_sharing_enabled":true,"_links":{"self":[{"href":"https:\/\/dueceira.pt\/index.php?rest_route=\/wp\/v2\/posts\/14665","targetHints":{"allow":["GET"]}}],"collection":[{"href":"https:\/\/dueceira.pt\/index.php?rest_route=\/wp\/v2\/posts"}],"about":[{"href":"https:\/\/dueceira.pt\/index.php?rest_route=\/wp\/v2\/types\/post"}],"author":[{"embeddable":true,"href":"https:\/\/dueceira.pt\/index.php?rest_route=\/wp\/v2\/users\/3"}],"replies":[{"embeddable":true,"href":"https:\/\/dueceira.pt\/index.php?rest_route=%2Fwp%2Fv2%2Fcomments&post=14665"}],"version-history":[{"count":1,"href":"https:\/\/dueceira.pt\/index.php?rest_route=\/wp\/v2\/posts\/14665\/revisions"}],"predecessor-version":[{"id":14667,"href":"https:\/\/dueceira.pt\/index.php?rest_route=\/wp\/v2\/posts\/14665\/revisions\/14667"}],"wp:attachment":[{"href":"https:\/\/dueceira.pt\/index.php?rest_route=%2Fwp%2Fv2%2Fmedia&parent=14665"}],"wp:term":[{"taxonomy":"category","embeddable":true,"href":"https:\/\/dueceira.pt\/index.php?rest_route=%2Fwp%2Fv2%2Fcategories&post=14665"},{"taxonomy":"post_tag","embeddable":true,"href":"https:\/\/dueceira.pt\/index.php?rest_route=%2Fwp%2Fv2%2Ftags&post=14665"}],"curies":[{"name":"wp","href":"https:\/\/api.w.org\/{rel}","templated":true}]}}