{"id":14756,"date":"2023-06-30T17:44:56","date_gmt":"2023-06-30T17:44:56","guid":{"rendered":"https:\/\/dueceira.pt\/?p=14756"},"modified":"2023-07-05T14:42:34","modified_gmt":"2023-07-05T14:42:34","slug":"concurso-aberto-renovacao-de-tractores-agricolas","status":"publish","type":"post","link":"https:\/\/dueceira.pt\/?p=14756","title":{"rendered":"CONCURSO ABERTO: Renova\u00e7\u00e3o de Tractores Agr\u00edcolas"},"content":{"rendered":"<div class=\"fusion-flexslider flexslider fusion-flexslider-loading fusion-post-slideshow\">\n<div class=\"fusion-image-wrapper fusion-image-size-fixed\" aria-haspopup=\"true\">\n<div class=\"fusion-rollover\">\n<h4 class=\"fusion-rollover-content\">Opera\u00e7\u00e3o 10.211 \u2013 Pequenos Investimentos na Explora\u00e7\u00e3o Agr\u00edcola &#8211; Renova\u00e7\u00e3o do Parque de Tractores Agr\u00edcolas 7\u00ba. An\u00fancio<\/h4>\n<p>Prolongamento do Prazo para Submiss\u00e3o de Candidaturas at\u00e9 \u00e0s 16h59 de 7 de Julho de 2023.<\/p>\n<\/div>\n<\/div>\n<\/div>\n<div class=\"fusion-post-content post-content\">\n<div class=\"fusion-post-content-container\">\n<h4>Informa\u00e7\u00f5es e esclarecimentos atrav\u00e9s do T: 239 995268 ou E: dueceira@sapo.pt<\/h4>\n<p><strong><a href=\"https:\/\/dueceira.pt\/?page_id=12511\" target=\"_blank\" rel=\"noopener\">&gt;&gt;&gt; MAIS INFORMA\u00c7\u00c3O<\/a><\/strong><\/p>\n<\/div>\n<\/div>\n","protected":false},"excerpt":{"rendered":"<p>Opera\u00e7\u00e3o 10.211 \u2013 Pequenos Investimentos na Explora\u00e7\u00e3o Agr\u00edcola &#8211; Renova\u00e7\u00e3o do Parque de Tractores Agr\u00edcolas 7\u00ba. An\u00fancio Prolongamento do Prazo para Submiss\u00e3o de Candidaturas at\u00e9 \u00e0s 16h59 de 7 de Julho de 2023. Informa\u00e7\u00f5es e esclarecimentos atrav\u00e9s do T: 239 995268 ou E: dueceira@sapo.pt &gt;&gt;&gt; MAIS INFORMA\u00c7\u00c3O<\/p>\n","protected":false},"author":3,"featured_media":14777,"comment_status":"open","ping_status":"open","sticky":false,"template":"","format":"standard","meta":{"_jetpack_memberships_contains_paid_content":false,"footnotes":""},"categories":[38],"tags":[],"class_list":["post-14756","post","type-post","status-publish","format-standard","has-post-thumbnail","hentry","category-noticias"],"jetpack_featured_media_url":"https:\/\/dueceira.pt\/wp-content\/uploads\/2023\/05\/Prorrogacao-Concurso-Tractores.png","jetpack_sharing_enabled":true,"_links":{"self":[{"href":"https:\/\/dueceira.pt\/index.php?rest_route=\/wp\/v2\/posts\/14756","targetHints":{"allow":["GET"]}}],"collection":[{"href":"https:\/\/dueceira.pt\/index.php?rest_route=\/wp\/v2\/posts"}],"about":[{"href":"https:\/\/dueceira.pt\/index.php?rest_route=\/wp\/v2\/types\/post"}],"author":[{"embeddable":true,"href":"https:\/\/dueceira.pt\/index.php?rest_route=\/wp\/v2\/users\/3"}],"replies":[{"embeddable":true,"href":"https:\/\/dueceira.pt\/index.php?rest_route=%2Fwp%2Fv2%2Fcomments&post=14756"}],"version-history":[{"count":6,"href":"https:\/\/dueceira.pt\/index.php?rest_route=\/wp\/v2\/posts\/14756\/revisions"}],"predecessor-version":[{"id":14778,"href":"https:\/\/dueceira.pt\/index.php?rest_route=\/wp\/v2\/posts\/14756\/revisions\/14778"}],"wp:featuredmedia":[{"embeddable":true,"href":"https:\/\/dueceira.pt\/index.php?rest_route=\/wp\/v2\/media\/14777"}],"wp:attachment":[{"href":"https:\/\/dueceira.pt\/index.php?rest_route=%2Fwp%2Fv2%2Fmedia&parent=14756"}],"wp:term":[{"taxonomy":"category","embeddable":true,"href":"https:\/\/dueceira.pt\/index.php?rest_route=%2Fwp%2Fv2%2Fcategories&post=14756"},{"taxonomy":"post_tag","embeddable":true,"href":"https:\/\/dueceira.pt\/index.php?rest_route=%2Fwp%2Fv2%2Ftags&post=14756"}],"curies":[{"name":"wp","href":"https:\/\/api.w.org\/{rel}","templated":true}]}}