{"id":14877,"date":"2024-02-19T18:26:32","date_gmt":"2024-02-19T18:26:32","guid":{"rendered":"https:\/\/dueceira.pt\/?p=14877"},"modified":"2024-02-19T19:32:05","modified_gmt":"2024-02-19T19:32:05","slug":"turismo-acessivel-e-inclusivo","status":"publish","type":"post","link":"https:\/\/dueceira.pt\/?p=14877","title":{"rendered":"Turismo Acess\u00edvel e Inclusivo"},"content":{"rendered":"<h4><strong>ENCONTRO FINAL Turismo acess\u00edvel e Inclusivo<\/strong><\/h4>\n<h4><strong>VIV\u00caNCIAS PR\u00c1TICAS &#8211; COMPREENS\u00c3O \u201cDO OUTRO\u201d NA 1.\u00aa PESSOA <\/strong><\/h4>\n<h4><strong>DISSEMINA\u00c7\u00c3O DE RESULTADOS<\/strong><\/h4>\n<h4><strong>Lous\u00e3 | 20 DE FEVEREIRO DE 2024<\/strong><\/h4>\n<hr \/>\n<h4>Evento organizado pela DUECEIRA, no \u00e2mbito do projecto de coopera\u00e7\u00e3o interterritorial &#8216;QTS2A<\/h4>\n<h4><strong>PROGRAMA<\/strong><\/h4>\n<ul>\n<li>\n<h4>09h00 Acolhimento dos Participantes (Jardim da Alameda Parque Carlos Reis)<\/h4>\n<\/li>\n<li>\n<h4>09h15\/16h00 Actividades no \u00e2mbito da tem\u00e1tica \u2018Turismo Acess\u00edvel e inclusivo, quest\u00f5es de riscos e seguran\u00e7a no usufruto de actividades tur\u00edsticas, conhecimento e compreens\u00e3o do territ\u00f3rio [Serra da Lous\u00e3\/Terras da Chanfana]\u2019. Compartilha de conhecimentos e experi\u00eancias pelos agentes tur\u00edsticos locais:<\/h4>\n<ul>\n<li>\n<h4>Esta\u00e7\u00f5es de Aprendizagem (4):<\/h4>\n<ul>\n<li>\n<h4>Turismo Acess\u00edvel e Inclusivo<\/h4>\n<\/li>\n<li>\n<h4>Arborismo, Cordas e N\u00f3s<\/h4>\n<\/li>\n<li>\n<h4>Percursos Pedestres \/ Caminhadas<\/h4>\n<\/li>\n<li>\n<h4>Observa\u00e7\u00e3o da vida selvagem, a p\u00e9 e em Todo o Terreno. Impactos<\/h4>\n<\/li>\n<\/ul>\n<\/li>\n<\/ul>\n<\/li>\n<\/ul>\n<ul>\n<li>\n<h4>16h00 Apresenta\u00e7\u00e3o P\u00fablica do Produto Tur\u00edstico: \u2018Turismo Acess\u00edvel e Inclusivo: Guia de Boas Pr\u00e1ticas de Atendimento\u2019. Encerramento do projecto.<\/h4>\n<\/li>\n<\/ul>\n","protected":false},"excerpt":{"rendered":"<p>ENCONTRO FINAL Turismo acess\u00edvel e Inclusivo VIV\u00caNCIAS PR\u00c1TICAS &#8211; COMPREENS\u00c3O \u201cDO OUTRO\u201d NA 1.\u00aa PESSOA DISSEMINA\u00c7\u00c3O DE RESULTADOS Lous\u00e3 | 20 DE FEVEREIRO DE 2024 Evento organizado pela DUECEIRA, no \u00e2mbito do projecto de coopera\u00e7\u00e3o interterritorial &#8216;QTS2A PROGRAMA 09h00 Acolhimento dos Participantes (Jardim da Alameda Parque Carlos Reis) 09h15\/16h00 Actividades no \u00e2mbito da tem\u00e1tica \u2018Turismo  [&#8230;]<\/p>\n","protected":false},"author":3,"featured_media":14878,"comment_status":"open","ping_status":"open","sticky":false,"template":"","format":"standard","meta":{"_jetpack_memberships_contains_paid_content":false,"footnotes":""},"categories":[38],"tags":[],"class_list":["post-14877","post","type-post","status-publish","format-standard","has-post-thumbnail","hentry","category-noticias"],"jetpack_featured_media_url":"https:\/\/dueceira.pt\/wp-content\/uploads\/2024\/02\/2o-WAM-Lousa.png","jetpack_sharing_enabled":true,"_links":{"self":[{"href":"https:\/\/dueceira.pt\/index.php?rest_route=\/wp\/v2\/posts\/14877","targetHints":{"allow":["GET"]}}],"collection":[{"href":"https:\/\/dueceira.pt\/index.php?rest_route=\/wp\/v2\/posts"}],"about":[{"href":"https:\/\/dueceira.pt\/index.php?rest_route=\/wp\/v2\/types\/post"}],"author":[{"embeddable":true,"href":"https:\/\/dueceira.pt\/index.php?rest_route=\/wp\/v2\/users\/3"}],"replies":[{"embeddable":true,"href":"https:\/\/dueceira.pt\/index.php?rest_route=%2Fwp%2Fv2%2Fcomments&post=14877"}],"version-history":[{"count":3,"href":"https:\/\/dueceira.pt\/index.php?rest_route=\/wp\/v2\/posts\/14877\/revisions"}],"predecessor-version":[{"id":14881,"href":"https:\/\/dueceira.pt\/index.php?rest_route=\/wp\/v2\/posts\/14877\/revisions\/14881"}],"wp:featuredmedia":[{"embeddable":true,"href":"https:\/\/dueceira.pt\/index.php?rest_route=\/wp\/v2\/media\/14878"}],"wp:attachment":[{"href":"https:\/\/dueceira.pt\/index.php?rest_route=%2Fwp%2Fv2%2Fmedia&parent=14877"}],"wp:term":[{"taxonomy":"category","embeddable":true,"href":"https:\/\/dueceira.pt\/index.php?rest_route=%2Fwp%2Fv2%2Fcategories&post=14877"},{"taxonomy":"post_tag","embeddable":true,"href":"https:\/\/dueceira.pt\/index.php?rest_route=%2Fwp%2Fv2%2Ftags&post=14877"}],"curies":[{"name":"wp","href":"https:\/\/api.w.org\/{rel}","templated":true}]}}