{"id":14920,"date":"2024-07-26T10:55:03","date_gmt":"2024-07-26T10:55:03","guid":{"rendered":"https:\/\/dueceira.pt\/?p=14920"},"modified":"2024-08-01T14:23:03","modified_gmt":"2024-08-01T14:23:03","slug":"roteiro-sentido","status":"publish","type":"post","link":"https:\/\/dueceira.pt\/?p=14920","title":{"rendered":"Roteiro Sentido das Terras da Chanfana"},"content":{"rendered":"<h2 style=\"text-align: center;\"><span style=\"color: #008000;\"><strong><em>\u201cem qualquer aventura, <\/em><\/strong><\/span><span style=\"color: #008000;\"><strong><em>o importante \u00e9 partir, n\u00e3o \u00e9 chegar\u2026&#8221;<\/em><\/strong><\/span><\/h2>\n<p style=\"text-align: center;\"><span style=\"color: #000000;\">excerto de &#8216;Viagem&#8217; de Miguel Torga<\/span><\/p>\n<h4 style=\"text-align: center;\"><em>Com o apelo aos sentidos de viajante, importa sobretudo (re)descobrir o territ\u00f3rio e viver experi\u00eancias \u00fanicas\u2026<\/em><\/h4>\n<h4 style=\"text-align: center;\"><em>\u00c9 esse o mote para percorrer e apreciar a geografia e o imagin\u00e1rio das Terras da Chanfana!<\/em><\/h4>\n<div class=\"video-shortcode\">\n<blockquote class=\"wp-embedded-content\" data-secret=\"Y2Q516WNmY\"><p><a href=\"https:\/\/roteirosentido.pt\/\">Roteiro Sentido das Terras da Chanfana<\/a><\/p><\/blockquote>\n<p><iframe class=\"wp-embedded-content\" sandbox=\"allow-scripts\" security=\"restricted\" style=\"position: absolute; clip: rect(1px, 1px, 1px, 1px);\" title=\"&#8220;Roteiro Sentido das Terras da Chanfana&#8221; &#8212; Sentido\" src=\"https:\/\/roteirosentido.pt\/embed\/#?secret=XwRbVf2Jog#?secret=Y2Q516WNmY\" data-secret=\"Y2Q516WNmY\" width=\"600\" height=\"338\" frameborder=\"0\" marginwidth=\"0\" marginheight=\"0\" scrolling=\"no\"><\/iframe><\/div>\n<hr \/>\n<h4>O Roteiro perspectiva, com suporte numa Carta de Experi\u00eancias \u00danicas e Sensoriais das Terras da Chanfana, a defini\u00e7\u00e3o de percurso(s) com recurso \u00e0 georreferencia\u00e7\u00e3o de locais fulcrais e emblem\u00e1ticos para a compreens\u00e3o do Territ\u00f3rio nas suas componentes ambientais, hist\u00f3rico-culturais, sociais e econ\u00f3mica e ainda a oferta de propostas de actividades complementares que estimulem e potenciem o seu usufruto.<\/h4>\n<h4>Todo <strong>o Roteiro \u00e9 suportado conceptualmente na palavra\/ideia \u201c<em>Sentido<\/em>\u201d<\/strong> a qual \u00e9 assumida nas suas diversas compreens\u00f5es, atrav\u00e9s de uma narrativa simples, bonita, intuitiva e bem conseguida em termos do que se deseja transmitir:<\/h4>\n<ol>\n<li>\n<h4>Relativo aos \u00d3rg\u00e3os sensoriais (<strong>5 sentidos: vis\u00e3o, tacto, paladar, audi\u00e7\u00e3o, olfacto<\/strong>);<\/h4>\n<\/li>\n<li>\n<h4>Sentimento; Acto de Sentir, Percep\u00e7\u00e3o;<\/h4>\n<\/li>\n<li>\n<h4>Direc\u00e7\u00e3o, Orienta\u00e7\u00e3o, Rumo.<\/h4>\n<\/li>\n<\/ol>\n<h4>O Roteiro foi concebido para uma utiliza\u00e7\u00e3o preferencial em telem\u00f3veis, sendo que a Rota f\u00edsica \u00e9 identificada atrav\u00e9s de placas afixadas em cada local referenciado.<\/h4>\n<p><a href=\"https:\/\/dueceira.pt\/wp-content\/uploads\/2024\/07\/SENTIDO-Telemovel-2.jpeg\"><img decoding=\"async\" class=\"alignnone wp-image-14921\" src=\"https:\/\/dueceira.pt\/wp-content\/uploads\/2024\/07\/SENTIDO-Telemovel-2.jpeg\" alt=\"\" width=\"189\" height=\"317\" srcset=\"https:\/\/dueceira.pt\/wp-content\/uploads\/2024\/07\/SENTIDO-Telemovel-2-179x300.jpeg 179w, https:\/\/dueceira.pt\/wp-content\/uploads\/2024\/07\/SENTIDO-Telemovel-2-200x335.jpeg 200w, https:\/\/dueceira.pt\/wp-content\/uploads\/2024\/07\/SENTIDO-Telemovel-2-400x670.jpeg 400w, https:\/\/dueceira.pt\/wp-content\/uploads\/2024\/07\/SENTIDO-Telemovel-2-600x1005.jpeg 600w, https:\/\/dueceira.pt\/wp-content\/uploads\/2024\/07\/SENTIDO-Telemovel-2-611x1024.jpeg 611w, https:\/\/dueceira.pt\/wp-content\/uploads\/2024\/07\/SENTIDO-Telemovel-2-768x1287.jpeg 768w, https:\/\/dueceira.pt\/wp-content\/uploads\/2024\/07\/SENTIDO-Telemovel-2-800x1340.jpeg 800w, https:\/\/dueceira.pt\/wp-content\/uploads\/2024\/07\/SENTIDO-Telemovel-2-917x1536.jpeg 917w, https:\/\/dueceira.pt\/wp-content\/uploads\/2024\/07\/SENTIDO-Telemovel-2.jpeg 918w\" sizes=\"(max-width: 189px) 100vw, 189px\" \/><\/a> <a href=\"https:\/\/dueceira.pt\/wp-content\/uploads\/2024\/07\/SENTIDO-Telemovel-3.jpeg\"><img decoding=\"async\" class=\"alignnone wp-image-14922\" src=\"https:\/\/dueceira.pt\/wp-content\/uploads\/2024\/07\/SENTIDO-Telemovel-3.jpeg\" alt=\"\" width=\"225\" height=\"316\" srcset=\"https:\/\/dueceira.pt\/wp-content\/uploads\/2024\/07\/SENTIDO-Telemovel-3-200x281.jpeg 200w, https:\/\/dueceira.pt\/wp-content\/uploads\/2024\/07\/SENTIDO-Telemovel-3-213x300.jpeg 213w, https:\/\/dueceira.pt\/wp-content\/uploads\/2024\/07\/SENTIDO-Telemovel-3-400x562.jpeg 400w, https:\/\/dueceira.pt\/wp-content\/uploads\/2024\/07\/SENTIDO-Telemovel-3-600x843.jpeg 600w, https:\/\/dueceira.pt\/wp-content\/uploads\/2024\/07\/SENTIDO-Telemovel-3-729x1024.jpeg 729w, https:\/\/dueceira.pt\/wp-content\/uploads\/2024\/07\/SENTIDO-Telemovel-3-768x1079.jpeg 768w, https:\/\/dueceira.pt\/wp-content\/uploads\/2024\/07\/SENTIDO-Telemovel-3-800x1124.jpeg 800w, https:\/\/dueceira.pt\/wp-content\/uploads\/2024\/07\/SENTIDO-Telemovel-3.jpeg 918w\" sizes=\"(max-width: 225px) 100vw, 225px\" \/><\/a> <a href=\"https:\/\/dueceira.pt\/wp-content\/uploads\/2024\/07\/Placa-Acrilico-Terras-da-Chanfana-4.jpg\"><img decoding=\"async\" class=\"alignnone wp-image-14925\" src=\"https:\/\/dueceira.pt\/wp-content\/uploads\/2024\/07\/Placa-Acrilico-Terras-da-Chanfana-4.jpg\" alt=\"\" width=\"372\" height=\"316\" srcset=\"https:\/\/dueceira.pt\/wp-content\/uploads\/2024\/07\/Placa-Acrilico-Terras-da-Chanfana-4-200x170.jpg 200w, https:\/\/dueceira.pt\/wp-content\/uploads\/2024\/07\/Placa-Acrilico-Terras-da-Chanfana-4-300x255.jpg 300w, https:\/\/dueceira.pt\/wp-content\/uploads\/2024\/07\/Placa-Acrilico-Terras-da-Chanfana-4-400x340.jpg 400w, https:\/\/dueceira.pt\/wp-content\/uploads\/2024\/07\/Placa-Acrilico-Terras-da-Chanfana-4-600x511.jpg 600w, https:\/\/dueceira.pt\/wp-content\/uploads\/2024\/07\/Placa-Acrilico-Terras-da-Chanfana-4-768x654.jpg 768w, https:\/\/dueceira.pt\/wp-content\/uploads\/2024\/07\/Placa-Acrilico-Terras-da-Chanfana-4-800x681.jpg 800w, https:\/\/dueceira.pt\/wp-content\/uploads\/2024\/07\/Placa-Acrilico-Terras-da-Chanfana-4-1024x872.jpg 1024w, https:\/\/dueceira.pt\/wp-content\/uploads\/2024\/07\/Placa-Acrilico-Terras-da-Chanfana-4-1200x1021.jpg 1200w, https:\/\/dueceira.pt\/wp-content\/uploads\/2024\/07\/Placa-Acrilico-Terras-da-Chanfana-4-1536x1307.jpg 1536w, https:\/\/dueceira.pt\/wp-content\/uploads\/2024\/07\/Placa-Acrilico-Terras-da-Chanfana-4.jpg 1585w\" sizes=\"(max-width: 372px) 100vw, 372px\" \/><\/a><\/p>\n<hr \/>\n<h4>Mais informa\u00e7\u00e3o:<\/h4>\n<blockquote>\n<h4><a href=\"https:\/\/www.facebook.com\/100081862410670\/videos\/263311872697473\" target=\"_blank\" rel=\"noopener\">Filme Promocional do Roteiro vers\u00e3o curta dura\u00e7\u00e3o (30 segundos)\u00a0<\/a><\/h4>\n<h4><a href=\"https:\/\/www.facebook.com\/TerrasdaChanfana\" target=\"_blank\" rel=\"noopener\">P\u00e1gina no Facebook e Instagram<\/a><\/h4>\n<h4><a href=\"https:\/\/www.facebook.com\/100000874878343\/videos\/983322529926709\/\" target=\"_blank\" rel=\"noopener\">V\u00eddeo de imers\u00e3o no territ\u00f3rio (vers\u00e3o 4 Minutos)<\/a><\/h4>\n<p>&nbsp;<\/p>\n<hr \/>\n<h3 style=\"text-align: right;\"><a href=\"https:\/\/dueceira.pt\/?page_id=14933\" target=\"_blank\" rel=\"noopener\"><span style=\"color: #008080;\"><strong>&gt;&gt; Novos Pedidos de Ades\u00e3o\u00a0<\/strong><\/span><\/a><\/h3>\n<hr \/>\n<\/blockquote>\n<p>&nbsp;<\/p>\n<p>&nbsp;<\/p>\n","protected":false},"excerpt":{"rendered":"<p>\u201cem qualquer aventura, o importante \u00e9 partir, n\u00e3o \u00e9 chegar\u2026&#8221; excerto de &#8216;Viagem&#8217; de Miguel Torga Com o apelo aos sentidos de viajante, importa sobretudo (re)descobrir o territ\u00f3rio e viver experi\u00eancias \u00fanicas\u2026 \u00c9 esse o mote para percorrer e apreciar a geografia e o imagin\u00e1rio das Terras da Chanfana! Roteiro Sentido das Terras da Chanfana  [&#8230;]<\/p>\n","protected":false},"author":3,"featured_media":14923,"comment_status":"open","ping_status":"open","sticky":false,"template":"","format":"standard","meta":{"_jetpack_memberships_contains_paid_content":false,"footnotes":""},"categories":[38],"tags":[],"class_list":["post-14920","post","type-post","status-publish","format-standard","has-post-thumbnail","hentry","category-noticias"],"jetpack_featured_media_url":"https:\/\/dueceira.pt\/wp-content\/uploads\/2024\/07\/Roteiro-SENTIDO-TC-PC.png","jetpack_sharing_enabled":true,"_links":{"self":[{"href":"https:\/\/dueceira.pt\/index.php?rest_route=\/wp\/v2\/posts\/14920","targetHints":{"allow":["GET"]}}],"collection":[{"href":"https:\/\/dueceira.pt\/index.php?rest_route=\/wp\/v2\/posts"}],"about":[{"href":"https:\/\/dueceira.pt\/index.php?rest_route=\/wp\/v2\/types\/post"}],"author":[{"embeddable":true,"href":"https:\/\/dueceira.pt\/index.php?rest_route=\/wp\/v2\/users\/3"}],"replies":[{"embeddable":true,"href":"https:\/\/dueceira.pt\/index.php?rest_route=%2Fwp%2Fv2%2Fcomments&post=14920"}],"version-history":[{"count":8,"href":"https:\/\/dueceira.pt\/index.php?rest_route=\/wp\/v2\/posts\/14920\/revisions"}],"predecessor-version":[{"id":14951,"href":"https:\/\/dueceira.pt\/index.php?rest_route=\/wp\/v2\/posts\/14920\/revisions\/14951"}],"wp:featuredmedia":[{"embeddable":true,"href":"https:\/\/dueceira.pt\/index.php?rest_route=\/wp\/v2\/media\/14923"}],"wp:attachment":[{"href":"https:\/\/dueceira.pt\/index.php?rest_route=%2Fwp%2Fv2%2Fmedia&parent=14920"}],"wp:term":[{"taxonomy":"category","embeddable":true,"href":"https:\/\/dueceira.pt\/index.php?rest_route=%2Fwp%2Fv2%2Fcategories&post=14920"},{"taxonomy":"post_tag","embeddable":true,"href":"https:\/\/dueceira.pt\/index.php?rest_route=%2Fwp%2Fv2%2Ftags&post=14920"}],"curies":[{"name":"wp","href":"https:\/\/api.w.org\/{rel}","templated":true}]}}