{"id":15016,"date":"2025-03-04T14:49:00","date_gmt":"2025-03-04T14:49:00","guid":{"rendered":"https:\/\/dueceira.pt\/?p=15016"},"modified":"2025-03-04T15:26:35","modified_gmt":"2025-03-04T15:26:35","slug":"dueceira-31-anos","status":"publish","type":"post","link":"https:\/\/dueceira.pt\/?p=15016","title":{"rendered":"DUECEIRA 31 anos"},"content":{"rendered":"<h3>31 anos de COMPROMISSO com o Territ\u00f3rio e Comunidades<\/h3>\n<h4><strong>dos concelhos de Lous\u00e3, Miranda do Corvo, Penela e Vila Nova de Poiares<\/strong><br \/>\n.<br \/>\n<a href=\"https:\/\/dueceira.pt\/wp-content\/uploads\/2025\/03\/Entrevista-LA.pdf\" target=\"_blank\" rel=\"noopener\"><strong>Depoimento do Presidente de Direc\u00e7\u00e3o Lu\u00eds Miguel Correia Antunes<\/strong><\/a><\/h4>\n","protected":false},"excerpt":{"rendered":"<p>31 anos de COMPROMISSO com o Territ\u00f3rio e Comunidades dos concelhos de Lous\u00e3, Miranda do Corvo, Penela e Vila Nova de Poiares . Depoimento do Presidente de Direc\u00e7\u00e3o Lu\u00eds Miguel Correia Antunes<\/p>\n","protected":false},"author":3,"featured_media":15011,"comment_status":"open","ping_status":"open","sticky":false,"template":"","format":"standard","meta":{"_jetpack_memberships_contains_paid_content":false,"footnotes":""},"categories":[1,38],"tags":[],"class_list":["post-15016","post","type-post","status-publish","format-standard","has-post-thumbnail","hentry","category-dueceira","category-noticias"],"jetpack_featured_media_url":"https:\/\/dueceira.pt\/wp-content\/uploads\/2025\/03\/1994-2025-Copia.png","jetpack_sharing_enabled":true,"_links":{"self":[{"href":"https:\/\/dueceira.pt\/index.php?rest_route=\/wp\/v2\/posts\/15016","targetHints":{"allow":["GET"]}}],"collection":[{"href":"https:\/\/dueceira.pt\/index.php?rest_route=\/wp\/v2\/posts"}],"about":[{"href":"https:\/\/dueceira.pt\/index.php?rest_route=\/wp\/v2\/types\/post"}],"author":[{"embeddable":true,"href":"https:\/\/dueceira.pt\/index.php?rest_route=\/wp\/v2\/users\/3"}],"replies":[{"embeddable":true,"href":"https:\/\/dueceira.pt\/index.php?rest_route=%2Fwp%2Fv2%2Fcomments&post=15016"}],"version-history":[{"count":5,"href":"https:\/\/dueceira.pt\/index.php?rest_route=\/wp\/v2\/posts\/15016\/revisions"}],"predecessor-version":[{"id":15021,"href":"https:\/\/dueceira.pt\/index.php?rest_route=\/wp\/v2\/posts\/15016\/revisions\/15021"}],"wp:featuredmedia":[{"embeddable":true,"href":"https:\/\/dueceira.pt\/index.php?rest_route=\/wp\/v2\/media\/15011"}],"wp:attachment":[{"href":"https:\/\/dueceira.pt\/index.php?rest_route=%2Fwp%2Fv2%2Fmedia&parent=15016"}],"wp:term":[{"taxonomy":"category","embeddable":true,"href":"https:\/\/dueceira.pt\/index.php?rest_route=%2Fwp%2Fv2%2Fcategories&post=15016"},{"taxonomy":"post_tag","embeddable":true,"href":"https:\/\/dueceira.pt\/index.php?rest_route=%2Fwp%2Fv2%2Ftags&post=15016"}],"curies":[{"name":"wp","href":"https:\/\/api.w.org\/{rel}","templated":true}]}}