{"id":15043,"date":"2025-05-16T09:30:19","date_gmt":"2025-05-16T09:30:19","guid":{"rendered":"https:\/\/dueceira.pt\/?p=15043"},"modified":"2025-05-16T09:34:59","modified_gmt":"2025-05-16T09:34:59","slug":"peticao-o-meu-futuro-rural","status":"publish","type":"post","link":"https:\/\/dueceira.pt\/?p=15043","title":{"rendered":"PETI\u00c7\u00c3O &#8216;O meu Futuro Rural&#8217;"},"content":{"rendered":"<div class=\"xdj266r x11i5rnm xat24cr x1mh8g0r x1vvkbs x126k92a\">\n<h3 dir=\"auto\"><strong>UM FUTURO MAIS FORTE E COESO PARA A EUROPA RURAL&#8230;<\/strong><\/h3>\n<h4 dir=\"auto\"><strong>PETI\u00c7\u00c3O a favor do Desenvolvimento Rural e da Abordagem LEADER [Liga\u00e7\u00e3o Entre Ac\u00e7\u00f5es de Desenvolvimento da Economia Rural]<\/strong><\/h4>\n<\/div>\n<div class=\"x11i5rnm xat24cr x1mh8g0r x1vvkbs xtlvy1s x126k92a\">\n<h4 dir=\"auto\"><strong>A si que vive no Mundo Rural, apelamos \u00e0 sua assinatura na perspectiva de fazermos ouvir a nossa voz a favor das nossas comunidades.<\/strong><\/h4>\n<h3><strong>Assine, partilhe e junta-se ao movimento: <a href=\"https:\/\/l.facebook.com\/l.php?u=https%3A%2F%2Felard.eu%2Fpetition_pt%2F%3Ffbclid%3DIwZXh0bgNhZW0CMTAAYnJpZBEwem1vdEd2V2h1RlVmRUl2SwEe1m6Qm-1HutWb8CaXYyHVUKwrx1foOZZjXyYgooePiPfSCkbbeCI_l2Qekyg_aem_zENpzZmBGVBr9_RYwwcncw%23signform&amp;h=AT1DOqzD_BpnQ8IHxMDngYuI3IT9MVbJgGQ8v1GGzF6ra6BjJ61mNy8M3EQ8HfWTzAUJkOfrdzlAmYkX8C6pl5Q4nsJoGCRpyMfM3NF-OvWR-70DX4tuY3SqVfRPefs0j0mleD7YC1eDVGhjkb12UkY2y12klTQI&amp;__tn__=-UK-R&amp;c%5b0%5d=AT0pAmVx82vBrb75wrIJmZLNfKu8wzSYsBmzBbB4ResNGlPzqq-T3ajWJjGjfhzcHXIyvSP8pnHcaX8JpV6NSuWV7R0Mahu4afAlCuoEmsKGm4yT1ak1Of_du__Fzjq6_wsdJ-DkQyCYkyXuVnDp0fkoamYscdyDqT7BZEvNroGqztFBzEffRG0ybtd0r_eU_0HvTC0CfnER7x3Q9IezWufqpzntoGccbIQDyGEhQtfnxJgV_cjS4FiActU\">https:\/\/elard.eu\/petition_pt\/#signform<\/a><\/strong><\/h3>\n<div dir=\"auto\">\n<hr \/>\n<ul>\n<li dir=\"auto\">\n<h4>Sabia que as zonas rurais representam 80% do territ\u00f3rio da Uni\u00e3o Europeia e albergam aproximadamente 30% da sua popula\u00e7\u00e3o?<\/h4>\n<\/li>\n<li dir=\"auto\">\n<h4>Sabia que existem 5.000 aldeias na Europa em risco de desaparecer por causa do despovoamento?<\/h4>\n<h4>Estes dados v\u00eam diretamente da Comiss\u00e3o Europeia e mostra o que est\u00e1 em jogo.<\/h4>\n<h4>Sem medidas concretas, vamos perder comunidades, cultura e oportunidades.<\/h4>\n<h4>O que pedimos?<\/h4>\n<h4>Um or\u00e7amento refor\u00e7ado para o LEADER\/DLBC.<\/h4>\n<h4>Menos burocracia, mais ac\u00e7\u00e3o local.<\/h4>\n<h4>Apoio est\u00e1vel para os Grupos de Ac\u00e7\u00e3o Local.<\/h4>\n<h4>Uma Europa mais coesa, com todos os territ\u00f3rios no centro da decis\u00e3o.<\/h4>\n<h4>Est\u00e1 nas nossas m\u00e3os fazer a diferen\u00e7a!!<\/h4>\n<\/li>\n<\/ul>\n<\/div>\n<div dir=\"auto\">\n<hr \/>\n<\/div>\n<div dir=\"auto\"><span class=\"html-span xdj266r x11i5rnm xat24cr x1mh8g0r xexx8yu x4uap5 x18d9i69 xkhd6sd x1hl2dhg x16tdsg8 x1vvkbs\"><a class=\"x1i10hfl xjbqb8w x1ejq31n xd10rxx x1sy0etr x17r0tee x972fbf xcfux6l x1qhh985 xm0m39n x9f619 x1ypdohk xt0psk2 xe8uvvx xdj266r x11i5rnm xat24cr x1mh8g0r xexx8yu x4uap5 x18d9i69 xkhd6sd x16tdsg8 x1hl2dhg xggy1nq x1a2a7pz xkrqix3 x1sur9pj x1fey0fg x1s688f\" tabindex=\"0\" role=\"link\" href=\"https:\/\/www.facebook.com\/hashtag\/minhaterra?__eep__=6&amp;__cft__[0]=AZWAFac-1gSsTBCwhfSXzhM84HMWwAg3_EmfF6dJEPzXijEz3NqglEZPJOan6LWaQhgTYMI_Qg7_F8GFGt-2mKq2gMeItOMnaxr39NmJWTxkKekTv1ISp7z3DjjrVk4PcvhjRtbx8qBJrxWmj8yUAABmXimb0qkt1DCFdoMV2DNSzs7Qb5f-ZNDLUgOhUgbHgUF1XgCBPK-uUp-5AEZz8Ih9&amp;__tn__=*NK-R\">#minhaterra<\/a><\/span> <span class=\"html-span xdj266r x11i5rnm xat24cr x1mh8g0r xexx8yu x4uap5 x18d9i69 xkhd6sd x1hl2dhg x16tdsg8 x1vvkbs\"><a class=\"x1i10hfl xjbqb8w x1ejq31n xd10rxx x1sy0etr x17r0tee x972fbf xcfux6l x1qhh985 xm0m39n x9f619 x1ypdohk xt0psk2 xe8uvvx xdj266r x11i5rnm xat24cr x1mh8g0r xexx8yu x4uap5 x18d9i69 xkhd6sd x16tdsg8 x1hl2dhg xggy1nq x1a2a7pz xkrqix3 x1sur9pj x1fey0fg x1s688f\" tabindex=\"0\" role=\"link\" href=\"https:\/\/www.facebook.com\/hashtag\/elard?__eep__=6&amp;__cft__[0]=AZWAFac-1gSsTBCwhfSXzhM84HMWwAg3_EmfF6dJEPzXijEz3NqglEZPJOan6LWaQhgTYMI_Qg7_F8GFGt-2mKq2gMeItOMnaxr39NmJWTxkKekTv1ISp7z3DjjrVk4PcvhjRtbx8qBJrxWmj8yUAABmXimb0qkt1DCFdoMV2DNSzs7Qb5f-ZNDLUgOhUgbHgUF1XgCBPK-uUp-5AEZz8Ih9&amp;__tn__=*NK-R\">#ELARD<\/a><\/span><\/div>\n<div dir=\"auto\"><span class=\"html-span xdj266r x11i5rnm xat24cr x1mh8g0r xexx8yu x4uap5 x18d9i69 xkhd6sd x1hl2dhg x16tdsg8 x1vvkbs\"><a class=\"x1i10hfl xjbqb8w x1ejq31n xd10rxx x1sy0etr x17r0tee x972fbf xcfux6l x1qhh985 xm0m39n x9f619 x1ypdohk xt0psk2 xe8uvvx xdj266r x11i5rnm xat24cr x1mh8g0r xexx8yu x4uap5 x18d9i69 xkhd6sd x16tdsg8 x1hl2dhg xggy1nq x1a2a7pz xkrqix3 x1sur9pj x1fey0fg x1s688f\" tabindex=\"0\" role=\"link\" href=\"https:\/\/www.facebook.com\/hashtag\/myruralfuture?__eep__=6&amp;__cft__[0]=AZWAFac-1gSsTBCwhfSXzhM84HMWwAg3_EmfF6dJEPzXijEz3NqglEZPJOan6LWaQhgTYMI_Qg7_F8GFGt-2mKq2gMeItOMnaxr39NmJWTxkKekTv1ISp7z3DjjrVk4PcvhjRtbx8qBJrxWmj8yUAABmXimb0qkt1DCFdoMV2DNSzs7Qb5f-ZNDLUgOhUgbHgUF1XgCBPK-uUp-5AEZz8Ih9&amp;__tn__=*NK-R\">#myruralfuture<\/a><\/span> <span class=\"html-span xdj266r x11i5rnm xat24cr x1mh8g0r xexx8yu x4uap5 x18d9i69 xkhd6sd x1hl2dhg x16tdsg8 x1vvkbs\"><a class=\"x1i10hfl xjbqb8w x1ejq31n xd10rxx x1sy0etr x17r0tee x972fbf xcfux6l x1qhh985 xm0m39n x9f619 x1ypdohk xt0psk2 xe8uvvx xdj266r x11i5rnm xat24cr x1mh8g0r xexx8yu x4uap5 x18d9i69 xkhd6sd x16tdsg8 x1hl2dhg xggy1nq x1a2a7pz xkrqix3 x1sur9pj x1fey0fg x1s688f\" tabindex=\"0\" role=\"link\" href=\"https:\/\/www.facebook.com\/hashtag\/omeufuturorural?__eep__=6&amp;__cft__[0]=AZWAFac-1gSsTBCwhfSXzhM84HMWwAg3_EmfF6dJEPzXijEz3NqglEZPJOan6LWaQhgTYMI_Qg7_F8GFGt-2mKq2gMeItOMnaxr39NmJWTxkKekTv1ISp7z3DjjrVk4PcvhjRtbx8qBJrxWmj8yUAABmXimb0qkt1DCFdoMV2DNSzs7Qb5f-ZNDLUgOhUgbHgUF1XgCBPK-uUp-5AEZz8Ih9&amp;__tn__=*NK-R\">#omeufuturorural<\/a><\/span><\/div>\n<\/div>\n<div class=\"x11i5rnm xat24cr x1mh8g0r x1vvkbs xtlvy1s x126k92a\">\n<div dir=\"auto\"><\/div>\n<\/div>\n","protected":false},"excerpt":{"rendered":"<p>UM FUTURO MAIS FORTE E COESO PARA A EUROPA RURAL&#8230; PETI\u00c7\u00c3O a favor do Desenvolvimento Rural e da Abordagem LEADER [Liga\u00e7\u00e3o Entre Ac\u00e7\u00f5es de Desenvolvimento da Economia Rural] A si que vive no Mundo Rural, apelamos \u00e0 sua assinatura na perspectiva de fazermos ouvir a nossa voz a favor das nossas comunidades. Assine, partilhe e  [&#8230;]<\/p>\n","protected":false},"author":3,"featured_media":15044,"comment_status":"open","ping_status":"open","sticky":false,"template":"","format":"standard","meta":{"_jetpack_memberships_contains_paid_content":false,"footnotes":""},"categories":[38],"tags":[],"class_list":["post-15043","post","type-post","status-publish","format-standard","has-post-thumbnail","hentry","category-noticias"],"jetpack_featured_media_url":"https:\/\/dueceira.pt\/wp-content\/uploads\/2025\/05\/497639804_749219730763046_1714190810656079260_n.jpg","jetpack_sharing_enabled":true,"_links":{"self":[{"href":"https:\/\/dueceira.pt\/index.php?rest_route=\/wp\/v2\/posts\/15043","targetHints":{"allow":["GET"]}}],"collection":[{"href":"https:\/\/dueceira.pt\/index.php?rest_route=\/wp\/v2\/posts"}],"about":[{"href":"https:\/\/dueceira.pt\/index.php?rest_route=\/wp\/v2\/types\/post"}],"author":[{"embeddable":true,"href":"https:\/\/dueceira.pt\/index.php?rest_route=\/wp\/v2\/users\/3"}],"replies":[{"embeddable":true,"href":"https:\/\/dueceira.pt\/index.php?rest_route=%2Fwp%2Fv2%2Fcomments&post=15043"}],"version-history":[{"count":3,"href":"https:\/\/dueceira.pt\/index.php?rest_route=\/wp\/v2\/posts\/15043\/revisions"}],"predecessor-version":[{"id":15047,"href":"https:\/\/dueceira.pt\/index.php?rest_route=\/wp\/v2\/posts\/15043\/revisions\/15047"}],"wp:featuredmedia":[{"embeddable":true,"href":"https:\/\/dueceira.pt\/index.php?rest_route=\/wp\/v2\/media\/15044"}],"wp:attachment":[{"href":"https:\/\/dueceira.pt\/index.php?rest_route=%2Fwp%2Fv2%2Fmedia&parent=15043"}],"wp:term":[{"taxonomy":"category","embeddable":true,"href":"https:\/\/dueceira.pt\/index.php?rest_route=%2Fwp%2Fv2%2Fcategories&post=15043"},{"taxonomy":"post_tag","embeddable":true,"href":"https:\/\/dueceira.pt\/index.php?rest_route=%2Fwp%2Fv2%2Ftags&post=15043"}],"curies":[{"name":"wp","href":"https:\/\/api.w.org\/{rel}","templated":true}]}}