{"id":15166,"date":"2025-08-01T16:53:26","date_gmt":"2025-08-01T16:53:26","guid":{"rendered":"https:\/\/dueceira.pt\/?p=15166"},"modified":"2025-08-01T16:57:40","modified_gmt":"2025-08-01T16:57:40","slug":"dlbc-rural-dueceira2030-leader","status":"publish","type":"post","link":"https:\/\/dueceira.pt\/?p=15166","title":{"rendered":"DLBC RURAL DUECEIRA2030 [LEADER]"},"content":{"rendered":"<h4>Para breve, lan\u00e7amento do Programa <strong>DLBC Rural DUECEIRA2030 \/ LEADER<\/strong><\/h4>\n<h4 dir=\"auto\">atrav\u00e9s das <strong>LINHAS DE APOIO E AVISOS DE CONCURSO<\/strong> a implementar nos concelhos de <strong>Lous\u00e3, Miranda do Corvo e Vila Nova de Poiares<\/strong>:<\/h4>\n<div dir=\"auto\">\n<h4 class=\"fusion-responsive-typography-calculated\" dir=\"auto\" data-fontsize=\"16\" data-lineheight=\"20px\">\u2022 D.1.1.1.1 \u2013 Pequenos investimentos na explora\u00e7\u00e3o agr\u00edcola\u00a0[Previs\u00e3o de Abertura: Setembro\/Outubro 2025]<\/h4>\n<h4 class=\"fusion-responsive-typography-calculated\" dir=\"auto\" data-fontsize=\"16\" data-lineheight=\"20px\">\u2022 D.1.1.1.2 \u2013 Pequenos investimentos em bioeconomia e economia circular\u00a0[Previs\u00e3o de Abertura: \u00faltimo trimestre de 2025]<\/h4>\n<h4 class=\"fusion-responsive-typography-calculated\" dir=\"auto\" data-fontsize=\"16\" data-lineheight=\"20px\">\u2022 D.1.1.1.3 \u2013 Investimentos em diversifica\u00e7\u00e3o, com\u00e9rcio e servi\u00e7os associados\u00a0[Previs\u00e3o de Abertura: \u00faltimo trimestre de 2025]<\/h4>\n<h4 class=\"fusion-responsive-typography-calculated\" dir=\"auto\" data-fontsize=\"16\" data-lineheight=\"20px\">\u2022 D.1.1.1.4 \u2013 Inova\u00e7\u00e3o na comercializa\u00e7\u00e3o, cadeias curtas e mercados locais\u00a0[Previs\u00e3o de Abertura: \u00faltimo trimestre de 2025]<\/h4>\n<h4 class=\"fusion-responsive-typography-calculated\" dir=\"auto\" data-fontsize=\"16\" data-lineheight=\"20px\">\u2022 D.1.1.1.5 \u2013 Conserva\u00e7\u00e3o e valoriza\u00e7\u00e3o do patrim\u00f3nio rural, natural, cultural e gastron\u00f3mico (incluindo Aldeias Inteligentes)\u00a0[Previs\u00e3o de Abertura: \u00faltimo trimestre de 2025]<\/h4>\n<\/div>\n<p>&nbsp;<\/p>\n<p>&nbsp;<\/p>\n<hr \/>\n<p>&nbsp;<\/p>\n","protected":false},"excerpt":{"rendered":"<p>Para breve, lan\u00e7amento do Programa DLBC Rural DUECEIRA2030 \/ LEADER atrav\u00e9s das LINHAS DE APOIO E AVISOS DE CONCURSO a implementar nos concelhos de Lous\u00e3, Miranda do Corvo e Vila Nova de Poiares: \u2022 D.1.1.1.1 \u2013 Pequenos investimentos na explora\u00e7\u00e3o agr\u00edcola\u00a0[Previs\u00e3o de Abertura: Setembro\/Outubro 2025] \u2022 D.1.1.1.2 \u2013 Pequenos investimentos em bioeconomia e economia circular\u00a0[Previs\u00e3o  [&#8230;]<\/p>\n","protected":false},"author":3,"featured_media":15161,"comment_status":"open","ping_status":"open","sticky":false,"template":"","format":"standard","meta":{"_jetpack_memberships_contains_paid_content":false,"footnotes":""},"categories":[38],"tags":[],"class_list":["post-15166","post","type-post","status-publish","format-standard","has-post-thumbnail","hentry","category-noticias"],"jetpack_featured_media_url":"https:\/\/dueceira.pt\/wp-content\/uploads\/2025\/08\/Cartaz-Geral-Todas-as-Medidas.png","jetpack_sharing_enabled":true,"_links":{"self":[{"href":"https:\/\/dueceira.pt\/index.php?rest_route=\/wp\/v2\/posts\/15166","targetHints":{"allow":["GET"]}}],"collection":[{"href":"https:\/\/dueceira.pt\/index.php?rest_route=\/wp\/v2\/posts"}],"about":[{"href":"https:\/\/dueceira.pt\/index.php?rest_route=\/wp\/v2\/types\/post"}],"author":[{"embeddable":true,"href":"https:\/\/dueceira.pt\/index.php?rest_route=\/wp\/v2\/users\/3"}],"replies":[{"embeddable":true,"href":"https:\/\/dueceira.pt\/index.php?rest_route=%2Fwp%2Fv2%2Fcomments&post=15166"}],"version-history":[{"count":5,"href":"https:\/\/dueceira.pt\/index.php?rest_route=\/wp\/v2\/posts\/15166\/revisions"}],"predecessor-version":[{"id":15171,"href":"https:\/\/dueceira.pt\/index.php?rest_route=\/wp\/v2\/posts\/15166\/revisions\/15171"}],"wp:featuredmedia":[{"embeddable":true,"href":"https:\/\/dueceira.pt\/index.php?rest_route=\/wp\/v2\/media\/15161"}],"wp:attachment":[{"href":"https:\/\/dueceira.pt\/index.php?rest_route=%2Fwp%2Fv2%2Fmedia&parent=15166"}],"wp:term":[{"taxonomy":"category","embeddable":true,"href":"https:\/\/dueceira.pt\/index.php?rest_route=%2Fwp%2Fv2%2Fcategories&post=15166"},{"taxonomy":"post_tag","embeddable":true,"href":"https:\/\/dueceira.pt\/index.php?rest_route=%2Fwp%2Fv2%2Ftags&post=15166"}],"curies":[{"name":"wp","href":"https:\/\/api.w.org\/{rel}","templated":true}]}}